{"id":15870,"date":"2014-11-27T10:45:23","date_gmt":"2014-11-27T15:15:23","guid":{"rendered":"http:\/\/gradadigital.com\/home\/?p=15870"},"modified":"2014-11-27T10:47:52","modified_gmt":"2014-11-27T15:17:52","slug":"venezuela-en-picada-en-el-ranking-fifa","status":"publish","type":"post","link":"http:\/\/gradadigital.com\/home\/venezuela-en-picada-en-el-ranking-fifa\/","title":{"rendered":"Venezuela en picada en el Ranking FIFA"},"content":{"rendered":"<p style=\"text-align: center;\"><img loading=\"lazy\" decoding=\"async\" class=\"alignnone size-full wp-image-15733\" src=\"http:\/\/gradadigital.com\/home\/wp-content\/uploads\/2014\/11\/edgar_jimenez_alexis_sanchez_chile_venezuela_14112014.jpg\" alt=\"edgar_jimenez_alexis_sanchez_chile_venezuela_14112014\" width=\"682\" height=\"396\" srcset=\"http:\/\/gradadigital.com\/home\/wp-content\/uploads\/2014\/11\/edgar_jimenez_alexis_sanchez_chile_venezuela_14112014.jpg 682w, http:\/\/gradadigital.com\/home\/wp-content\/uploads\/2014\/11\/edgar_jimenez_alexis_sanchez_chile_venezuela_14112014-300x174.jpg 300w\" sizes=\"auto, (max-width: 682px) 100vw, 682px\" \/><\/p>\n<p style=\"text-align: justify;\"><strong>Prensa CA2015 &#8211;<\/strong> Como en cada mes, la FIFA divulg\u00f3 el ranking de selecciones, que tuvo algunas modificaciones luego de los amistosos disputados a principios de noviembre. El hecho de que cuatro equipos ocupen un lugar entre los diez primeros da una idea del prestigio de la Copa Am\u00e9rica.<\/p>\n<p style=\"text-align: justify;\">La Selecci\u00f3n argentina es la mejor posicionada. Aparece en el segundo lugar, atr\u00e1s de Alemania y adelante de Colombia, que est\u00e1 en la mejor ubicaci\u00f3n de su historia. Por su parte, Brasil mantuvo la sexta posici\u00f3n. Uruguay, por su parte, perdi\u00f3 dos lugares y est\u00e1 en el d\u00e9cimo puesto.<\/p>\n<p style=\"text-align: justify;\">El anfitri\u00f3n de la Copa Am\u00e9rica, Chile, aparece en el puesto 14\u00ba. M\u00e9xico, que le gan\u00f3 a Holanda pero perdi\u00f3 con Bielorrusia, descendi\u00f3 tres lugares en relaci\u00f3n al \u00faltimo ranking y est\u00e1 en el 20\u00ba puesto.<\/p>\n<p style=\"text-align: justify;\">Jamaica, que integra el Grupo B de la Copa Am\u00e9rica junto a Argentina, Paraguay y Uruguay, es una de las selecciones que m\u00e1s posiciones gan\u00f3. Campe\u00f3n de la Copa del Caribe, subi\u00f3 42 posiciones y est\u00e1 en el 71\u00ba lugar.<\/p>\n<p style=\"text-align: justify;\">Los otros seis pa\u00edses que participar\u00e1n de Chile 2015 aparecen en las siguientes posiciones: Ecuador (27\u00ba), Per\u00fa (52\u00ba), Paraguay (75\u00ba), Bolivia (87\u00ba) y Venezuela (89\u00ba).<\/p>\n<p style=\"text-align: justify;\">Aqu\u00ed, el top 10 del ranking y el lugar que ocupan los equipos que participar\u00e1n de la Copa Am\u00e9rica 2015<\/p>\n<p style=\"padding-left: 30px; text-align: justify;\">1. Alemania 1.725 puntos<br \/>\n2. Argentina 1.538 puntos<br \/>\n3. Colombia 1.449 puntss<br \/>\n4. B\u00e9lgica 1.417 puntos<br \/>\n5. Holanda 1.374 puntos<br \/>\n6. Brasil 1.316 puntos<br \/>\n7. Francia 1.160 puntos<br \/>\n7. Portugal 1.160 puntos<br \/>\n9. Espa\u00f1a 1.142 puntos<br \/>\n10. Uruguay 1.135 puntos<br \/>\n14. Chile 1.022 puntos<br \/>\n20. M\u00e9xico 913 puntos<br \/>\n27. Ecuador 852 puntos<br \/>\n52. Per\u00fa 565 puntos<br \/>\n71. Jamaica 467 puntos<br \/>\n75. Paraguay 438 puntos<br \/>\n87. Bol\u00edvia 375 puntos<br \/>\n89. Venezuela 369 puntos<\/p>\n<p style=\"text-align: center;\"><a href=\"https:\/\/play.google.com\/store\/apps\/details?id=com.app.gradadigital\" target=\"_blank\"><img loading=\"lazy\" decoding=\"async\" class=\"alignnone size-full wp-image-15415\" src=\"http:\/\/gradadigital.com\/home\/wp-content\/uploads\/2014\/10\/banner_aplicacion_V2_GRADADIGITAL_17102014.jpg\" alt=\"banner_aplicacion_V2_GRADADIGITAL_17102014\" width=\"620\" height=\"100\" srcset=\"http:\/\/gradadigital.com\/home\/wp-content\/uploads\/2014\/10\/banner_aplicacion_V2_GRADADIGITAL_17102014.jpg 620w, http:\/\/gradadigital.com\/home\/wp-content\/uploads\/2014\/10\/banner_aplicacion_V2_GRADADIGITAL_17102014-300x48.jpg 300w\" sizes=\"auto, (max-width: 620px) 100vw, 620px\" \/><\/a><\/p>\n","protected":false},"excerpt":{"rendered":"<p>Prensa CA2015 &#8211; Como en cada mes, la FIFA divulg\u00f3 el ranking de selecciones, que tuvo algunas modificaciones luego de los amistosos disputados a principios de noviembre. El hecho de que cuatro equipos ocupen un lugar entre los diez primeros da una idea del prestigio de la Copa Am\u00e9rica. La Selecci\u00f3n argentina es la mejor &#8230;<\/p>\n","protected":false},"author":4,"featured_media":15733,"comment_status":"closed","ping_status":"closed","sticky":false,"template":"","format":"standard","meta":{"footnotes":""},"categories":[752,36,40,3],"tags":[],"class_list":["post-15870","post","type-post","status-publish","format-standard","has-post-thumbnail","hentry","category-appgd","category-internacional","category-seleccion-nacional-mayores","category-seleccion-nacional"],"_links":{"self":[{"href":"http:\/\/gradadigital.com\/home\/wp-json\/wp\/v2\/posts\/15870","targetHints":{"allow":["GET"]}}],"collection":[{"href":"http:\/\/gradadigital.com\/home\/wp-json\/wp\/v2\/posts"}],"about":[{"href":"http:\/\/gradadigital.com\/home\/wp-json\/wp\/v2\/types\/post"}],"author":[{"embeddable":true,"href":"http:\/\/gradadigital.com\/home\/wp-json\/wp\/v2\/users\/4"}],"replies":[{"embeddable":true,"href":"http:\/\/gradadigital.com\/home\/wp-json\/wp\/v2\/comments?post=15870"}],"version-history":[{"count":3,"href":"http:\/\/gradadigital.com\/home\/wp-json\/wp\/v2\/posts\/15870\/revisions"}],"predecessor-version":[{"id":15873,"href":"http:\/\/gradadigital.com\/home\/wp-json\/wp\/v2\/posts\/15870\/revisions\/15873"}],"wp:featuredmedia":[{"embeddable":true,"href":"http:\/\/gradadigital.com\/home\/wp-json\/wp\/v2\/media\/15733"}],"wp:attachment":[{"href":"http:\/\/gradadigital.com\/home\/wp-json\/wp\/v2\/media?parent=15870"}],"wp:term":[{"taxonomy":"category","embeddable":true,"href":"http:\/\/gradadigital.com\/home\/wp-json\/wp\/v2\/categories?post=15870"},{"taxonomy":"post_tag","embeddable":true,"href":"http:\/\/gradadigital.com\/home\/wp-json\/wp\/v2\/tags?post=15870"}],"curies":[{"name":"wp","href":"https:\/\/api.w.org\/{rel}","templated":true}]}}