{"id":15785,"date":"2014-11-23T21:21:39","date_gmt":"2014-11-24T01:51:39","guid":{"rendered":"http:\/\/gradadigital.com\/home\/?p=15785"},"modified":"2014-11-23T21:23:16","modified_gmt":"2014-11-24T01:53:16","slug":"mineros-festejo-su-cumpleanos-con-goleada","status":"publish","type":"post","link":"http:\/\/gradadigital.com\/home\/mineros-festejo-su-cumpleanos-con-goleada\/","title":{"rendered":"Mineros festej\u00f3 su cumplea\u00f1os con goleada"},"content":{"rendered":"<p style=\"text-align: center;\"><img loading=\"lazy\" decoding=\"async\" class=\"alignnone size-full wp-image-15786\" src=\"http:\/\/gradadigital.com\/home\/wp-content\/uploads\/2014\/11\/luis_vallenilla_mineros_carabobo_23112014.jpg\" alt=\"luis_vallenilla_mineros_carabobo_23112014\" width=\"682\" height=\"396\" srcset=\"http:\/\/gradadigital.com\/home\/wp-content\/uploads\/2014\/11\/luis_vallenilla_mineros_carabobo_23112014.jpg 682w, http:\/\/gradadigital.com\/home\/wp-content\/uploads\/2014\/11\/luis_vallenilla_mineros_carabobo_23112014-300x174.jpg 300w\" sizes=\"auto, (max-width: 682px) 100vw, 682px\" \/><\/p>\n<p style=\"text-align: justify;\"><strong>Prensa Mineros de Guayana &#8211;\u00a0<\/strong>Mineros de Guayana celebr\u00f3 su cumplea\u00f1os de la mejor manera. El cuadro negriazul gole\u00f3 4-1 a Carabobo FC, en duelo correspondiente a la jornada 14 del Torneo Apertura del f\u00fatbol profesional venezolano, que se disput\u00f3 en el CTE Cachamay.<\/p>\n<p style=\"text-align: justify;\">Los mineristas se apoyaron en dos goles de Richard Blanco (28\u2019 y 45\u2019), uno de Rub\u00e9n Rojas (41\u2019) y otro de Luis Vallenilla (67\u2019), para quedarse con la Copa \u201c33\u00b0 Aniversario de Mineros de Guayana\u201d. Diego Garc\u00eda descont\u00f3 para Carabobo al minuto 75\u2019.<\/p>\n<p style=\"text-align: justify;\">Luego de un arranque sin un claro dominador, Mineros se adue\u00f1\u00f3 de la pelota y cre\u00f3 varias ocasiones de peligro. Apenas al minuto ocho, los negriazules generaron un contragolpe -tres contra dos-, pero Arnold L\u00f3pez no estuvo fino a la hora de dar el \u00faltimo pase. Cuatro minutos despu\u00e9s, Zamir Valoyes lo intent\u00f3 con un zurdazo desde fuera del \u00e1rea, que Leonardo Morales no pudo controlar y la pelota se estrell\u00f3 en el travesa\u00f1o.<\/p>\n<p style=\"text-align: justify;\">El primer aviso de los carabobe\u00f1os apareci\u00f3 al 23\u2019, cuando \u00c1ngel Nieves se enrumb\u00f3 al \u00e1rea minerista y defini\u00f3, pero Rafael Romo estuvo atento y desvi\u00f3 el bal\u00f3n al tiro de esquina.<\/p>\n<p style=\"text-align: justify;\"><strong>Festival negriazul<\/strong><\/p>\n<p style=\"text-align: justify;\">La insistencia del cuadro guayan\u00e9s tuvo su recompensa al minuto 28, con la llegada del primer gol de la tarde. Richard Blanco recibi\u00f3 un pase de Rafael Acosta y, luego de dejar en el camino a un defensor, desenfund\u00f3 un disparo de pierna zurda y la mand\u00f3 a guardar al fondo de la red, para el 1-0.<\/p>\n<p style=\"text-align: justify;\">Los dirigidos por Math\u00edas lo siguieron intentando y en la fracci\u00f3n 35, Valoyes chut\u00f3 de derecha, pero se fue por encima del p\u00f3rtico de Morales. Al 41\u2019, Rub\u00e9n Rojas se hizo presente en el marcador y marc\u00f3 el 2-0. Rojas realiz\u00f3 una jugada individual y se intern\u00f3 en el \u00e1rea, para luego disparar y perforar el arco visitante.<\/p>\n<p style=\"text-align: justify;\">Mineros no se conform\u00f3 y fue por m\u00e1s. En el minuto de reposici\u00f3n del primer periodo, Blanco inici\u00f3 un contraataque desde la mitad de la cancha, la cruz\u00f3 para Acosta, quien se la devolvi\u00f3 desde la izquierda y el delantero negriazul defini\u00f3 de primera, para vencer nuevamente a Morales y ampliar la ventaja 3-0.<\/p>\n<p style=\"text-align: justify;\"><strong>Estocada final<\/strong><\/p>\n<p style=\"text-align: justify;\">Para la segunda parte, Mineros sali\u00f3 con la misma intensidad. Marcos Math\u00edas hizo movimientos en el banquillo y termin\u00f3 de liquidar un partido que ten\u00eda un solo rumbo. Breitner Da Silva entr\u00f3 al 61\u2019 por Rub\u00e9n Rojas (molestias f\u00edsicas) y solo necesit\u00f3 seis minutos para aportar su granito de arena.<\/p>\n<p style=\"text-align: justify;\">Da Silva realiz\u00f3 una gran jugada, dej\u00f3 en el camino a varios rivales y la mand\u00f3 en profundidad para Luis Vallenilla, quien defini\u00f3 de pierna derecha y puso el 4-0. Jos\u00e9 Manuel Vel\u00e1zquez abandon\u00f3 la cancha, al minuto 71\u2019, y en su lugar ingres\u00f3 Edson Castillo.<\/p>\n<p style=\"text-align: justify;\">La oncena granate anot\u00f3 su \u00fanica diana del partido en la fracci\u00f3n 75, por intermedio de Diego Garc\u00eda, quien remat\u00f3 desde fuera del \u00e1rea y la deposit\u00f3 en el p\u00f3rtico de Romo. De all\u00ed en adelante todo fue cuesti\u00f3n de tiempo. Con Luis Guerra en cancha, por Richard Blanco, Mineros le escondi\u00f3 la pelota al cuadro carabobe\u00f1o, para celebrar su segunda victoria de manera consecutiva.<\/p>\n<p style=\"text-align: center;\"><a href=\"https:\/\/play.google.com\/store\/apps\/details?id=com.app.gradadigital\" target=\"_blank\"><img loading=\"lazy\" decoding=\"async\" class=\"alignnone size-full wp-image-15415\" src=\"http:\/\/gradadigital.com\/home\/wp-content\/uploads\/2014\/10\/banner_aplicacion_V2_GRADADIGITAL_17102014.jpg\" alt=\"banner_aplicacion_V2_GRADADIGITAL_17102014\" width=\"620\" height=\"100\" srcset=\"http:\/\/gradadigital.com\/home\/wp-content\/uploads\/2014\/10\/banner_aplicacion_V2_GRADADIGITAL_17102014.jpg 620w, http:\/\/gradadigital.com\/home\/wp-content\/uploads\/2014\/10\/banner_aplicacion_V2_GRADADIGITAL_17102014-300x48.jpg 300w\" sizes=\"auto, (max-width: 620px) 100vw, 620px\" \/><\/a><\/p>\n<div style=\"text-align: center;\"><iframe loading=\"lazy\" src=\"http:\/\/gradadigital.com\/datafactory\/html\/venezuela\/ficha203727.html\" width=\"702\" height=\"1030\" frameborder=\"0\" marginwidth=\"0\" marginheight=\"0\" scrolling=\"no\"><\/iframe><\/div>\n","protected":false},"excerpt":{"rendered":"<p>Prensa Mineros de Guayana &#8211;\u00a0Mineros de Guayana celebr\u00f3 su cumplea\u00f1os de la mejor manera. El cuadro negriazul gole\u00f3 4-1 a Carabobo FC, en duelo correspondiente a la jornada 14 del Torneo Apertura del f\u00fatbol profesional venezolano, que se disput\u00f3 en el CTE Cachamay. Los mineristas se apoyaron en dos goles de Richard Blanco (28\u2019 y &#8230;<\/p>\n","protected":false},"author":4,"featured_media":15786,"comment_status":"closed","ping_status":"closed","sticky":false,"template":"","format":"standard","meta":{"footnotes":""},"categories":[752,29,5,15,31],"tags":[],"class_list":["post-15785","post","type-post","status-publish","format-standard","has-post-thumbnail","hentry","category-appgd","category-carabobo-fc","category-futbol-nacional","category-mineros-de-guayana","category-primera-division"],"_links":{"self":[{"href":"http:\/\/gradadigital.com\/home\/wp-json\/wp\/v2\/posts\/15785","targetHints":{"allow":["GET"]}}],"collection":[{"href":"http:\/\/gradadigital.com\/home\/wp-json\/wp\/v2\/posts"}],"about":[{"href":"http:\/\/gradadigital.com\/home\/wp-json\/wp\/v2\/types\/post"}],"author":[{"embeddable":true,"href":"http:\/\/gradadigital.com\/home\/wp-json\/wp\/v2\/users\/4"}],"replies":[{"embeddable":true,"href":"http:\/\/gradadigital.com\/home\/wp-json\/wp\/v2\/comments?post=15785"}],"version-history":[{"count":3,"href":"http:\/\/gradadigital.com\/home\/wp-json\/wp\/v2\/posts\/15785\/revisions"}],"predecessor-version":[{"id":15789,"href":"http:\/\/gradadigital.com\/home\/wp-json\/wp\/v2\/posts\/15785\/revisions\/15789"}],"wp:featuredmedia":[{"embeddable":true,"href":"http:\/\/gradadigital.com\/home\/wp-json\/wp\/v2\/media\/15786"}],"wp:attachment":[{"href":"http:\/\/gradadigital.com\/home\/wp-json\/wp\/v2\/media?parent=15785"}],"wp:term":[{"taxonomy":"category","embeddable":true,"href":"http:\/\/gradadigital.com\/home\/wp-json\/wp\/v2\/categories?post=15785"},{"taxonomy":"post_tag","embeddable":true,"href":"http:\/\/gradadigital.com\/home\/wp-json\/wp\/v2\/tags?post=15785"}],"curies":[{"name":"wp","href":"https:\/\/api.w.org\/{rel}","templated":true}]}}