{"id":15645,"date":"2014-11-04T15:28:11","date_gmt":"2014-11-04T19:58:11","guid":{"rendered":"http:\/\/gradadigital.com\/home\/?p=15645"},"modified":"2014-11-04T15:37:26","modified_gmt":"2014-11-04T20:07:26","slug":"andreutti-el-partido-no-lo-habiamos-perdido","status":"publish","type":"post","link":"http:\/\/gradadigital.com\/home\/andreutti-el-partido-no-lo-habiamos-perdido\/","title":{"rendered":"Andreutti: \u00abEl partido no lo hab\u00edamos perdido\u00bb"},"content":{"rendered":"<p style=\"text-align: center;\"><img loading=\"lazy\" decoding=\"async\" class=\"alignnone size-full wp-image-15646\" src=\"http:\/\/gradadigital.com\/home\/wp-content\/uploads\/2014\/11\/ricardo_andreutti_caracas_carabobo_04112014.jpg\" alt=\"ricardo_andreutti_caracas_carabobo_04112014\" width=\"682\" height=\"396\" srcset=\"http:\/\/gradadigital.com\/home\/wp-content\/uploads\/2014\/11\/ricardo_andreutti_caracas_carabobo_04112014.jpg 682w, http:\/\/gradadigital.com\/home\/wp-content\/uploads\/2014\/11\/ricardo_andreutti_caracas_carabobo_04112014-300x174.jpg 300w\" sizes=\"auto, (max-width: 682px) 100vw, 682px\" \/><\/p>\n<p style=\"text-align: justify;\"><strong>Jes\u00fas A. S\u00e1ez S.- Caracas .- <\/strong>El estratega del equipo capitalino rectific\u00f3 a tiempo y coloc\u00f3 de nuevo en su posici\u00f3n habitual a Ricardo, d\u00f3nde tuvo un mejor rendimiento que en principio.<\/p>\n<p style=\"text-align: justify;\">El once titular del Caracas FC el pasado domingo contra Carabobo FC sufri\u00f3 un peque\u00f1o cambi\u00f3 que hizo notar desde los primero minutos del encuentro, por lo que Eduardo Sarag\u00f3 se vio obligado a mover sus piezas y cambiar el funcionamiento del equipo planteado en principio, estrategia que le result\u00f3 en los siguientes minutos para la victoria. Unas de ellas fue Ricardo Andreutti quien comenz\u00f3 como defensa central y termin\u00f3 como volante. Ante esto, el jugador avile\u00f1o analiz\u00f3 como positivo el cambio.<\/p>\n<p style=\"text-align: justify;\"><strong>\u201cNo me sent\u00eda para nada inc\u00f3modo, fue algo circunstancial. Obviamente no es algo natural, ya que tus movimientos no son naturales, es algo m\u00e1s forzado pero me siento m\u00e1s c\u00f3modo en mi posici\u00f3n que siempre frecuento\u201d.<\/strong><\/p>\n<p style=\"text-align: justify;\">Tras el desarrollo del partido se pudo observar a un Andreutti batallando, recuperando cada bal\u00f3n, colaborando en la creaci\u00f3n, hasta pudo anotar el primer tanto que descontaba las acciones en el Ol\u00edmpico pero para \u00e9l no era lo suficiente, not\u00e1ndose en ocasiones cierta impotencia cuando no se daban las cosas <strong>\u201cpor lo injusto que era, porque no pod\u00edamos ni siquiera empatarlos, era la sensaci\u00f3n que ten\u00eda\u201d<\/strong> es por ello que se vio que se arrodillo para rezar cuando Mea Vitali ejecut\u00f3 la pena desde los 12 pasos, igualando el cotejo a 2 <strong>\u201cfue muy emocional. Con ese gol sab\u00edamos que \u00edbamos a darle vuelta, y as\u00ed fue\u201d.<\/strong><\/p>\n<p style=\"text-align: justify;\">Adem\u00e1s acept\u00f3 que vinieron de menos a m\u00e1s para llevarse los tres puntos <strong>\u201cla sensaci\u00f3n en lo personal era que el partido no lo hab\u00edamos perdido, por las ocasiones que generamos y por el volumen que se hizo\u201d.<\/strong><\/p>\n<p style=\"text-align: justify;\">El volante sabe que se le est\u00e1n dando los resultados para adue\u00f1arse de la punta, pero depende de s\u00ed mismo para llegar al objetivo principal <strong>\u201cT\u00e1chira cay\u00f3 es muy importante, La Guaira est\u00e1 muy bien, pero todav\u00eda dependemos de nosotros con dos partidos menos gan\u00e1ndolos nos ponemos en la punta, por ahora estamos concentrados en Petare y luego ir a Valera para enfrentar a Trujillanos, s\u00ed seguimos pensando m\u00e1s nos vamos a volver loco, por eso pensamos en el domingo que viene\u201d.<\/strong><\/p>\n<p style=\"text-align: justify;\">El pr\u00f3ximo domingo Caracas FC se queda en la capital pero en calidad de visitante, aunque jugar\u00e1 en su propia cancha ante el Deportivo Petare, punto positivo porque tendr\u00e1 el calor de su afici\u00f3n que de seguro meter\u00e1 presi\u00f3n al local<\/p>\n<p style=\"text-align: justify;\"><strong>\u201cEs un lugar que nos sentimos c\u00f3modos m\u00e1s all\u00e1 que estaremos de visita, eso es muy bueno y hay que aprovechar lo muy bien que nos est\u00e1 yendo en el Ol\u00edmpico\u201d<\/strong><\/p>\n<p style=\"text-align: justify;\">Para finalizar elogi\u00f3 el desempe\u00f1o de su compa\u00f1ero Miguel Mea Vitali <strong>\u201clo de Miky no es extra\u00f1o, a \u00e9l lo ve\u00eda cuando era peque\u00f1o por televisi\u00f3n, era mi \u00eddolo. Ahora comparto con \u00e9l y es m\u00e1s de lo mismo, espectacular, un pi\u00e9 \u00fanico, una t\u00e9cnica por encima del resto del f\u00fatbol nacional, una jerarqu\u00eda que para estos momentos le da una salida impresionante al equipo\u201d.<\/strong><\/p>\n<p style=\"text-align: center;\"><a href=\"https:\/\/play.google.com\/store\/apps\/details?id=com.app.gradadigital\" target=\"_blank\"><img loading=\"lazy\" decoding=\"async\" class=\"alignnone size-full wp-image-15415\" src=\"http:\/\/gradadigital.com\/home\/wp-content\/uploads\/2014\/10\/banner_aplicacion_V2_GRADADIGITAL_17102014.jpg\" alt=\"banner_aplicacion_V2_GRADADIGITAL_17102014\" width=\"620\" height=\"100\" srcset=\"http:\/\/gradadigital.com\/home\/wp-content\/uploads\/2014\/10\/banner_aplicacion_V2_GRADADIGITAL_17102014.jpg 620w, http:\/\/gradadigital.com\/home\/wp-content\/uploads\/2014\/10\/banner_aplicacion_V2_GRADADIGITAL_17102014-300x48.jpg 300w\" sizes=\"auto, (max-width: 620px) 100vw, 620px\" \/><\/a><\/p>\n","protected":false},"excerpt":{"rendered":"<p>Jes\u00fas A. S\u00e1ez S.- Caracas .- El estratega del equipo capitalino rectific\u00f3 a tiempo y coloc\u00f3 de nuevo en su posici\u00f3n habitual a Ricardo, d\u00f3nde tuvo un mejor rendimiento que en principio. El once titular del Caracas FC el pasado domingo contra Carabobo FC sufri\u00f3 un peque\u00f1o cambi\u00f3 que hizo notar desde los primero minutos &#8230;<\/p>\n","protected":false},"author":4,"featured_media":15646,"comment_status":"closed","ping_status":"closed","sticky":false,"template":"","format":"standard","meta":{"footnotes":""},"categories":[752,9,5,31],"tags":[],"class_list":["post-15645","post","type-post","status-publish","format-standard","has-post-thumbnail","hentry","category-appgd","category-caracas-fc","category-futbol-nacional","category-primera-division"],"_links":{"self":[{"href":"http:\/\/gradadigital.com\/home\/wp-json\/wp\/v2\/posts\/15645","targetHints":{"allow":["GET"]}}],"collection":[{"href":"http:\/\/gradadigital.com\/home\/wp-json\/wp\/v2\/posts"}],"about":[{"href":"http:\/\/gradadigital.com\/home\/wp-json\/wp\/v2\/types\/post"}],"author":[{"embeddable":true,"href":"http:\/\/gradadigital.com\/home\/wp-json\/wp\/v2\/users\/4"}],"replies":[{"embeddable":true,"href":"http:\/\/gradadigital.com\/home\/wp-json\/wp\/v2\/comments?post=15645"}],"version-history":[{"count":2,"href":"http:\/\/gradadigital.com\/home\/wp-json\/wp\/v2\/posts\/15645\/revisions"}],"predecessor-version":[{"id":15653,"href":"http:\/\/gradadigital.com\/home\/wp-json\/wp\/v2\/posts\/15645\/revisions\/15653"}],"wp:featuredmedia":[{"embeddable":true,"href":"http:\/\/gradadigital.com\/home\/wp-json\/wp\/v2\/media\/15646"}],"wp:attachment":[{"href":"http:\/\/gradadigital.com\/home\/wp-json\/wp\/v2\/media?parent=15645"}],"wp:term":[{"taxonomy":"category","embeddable":true,"href":"http:\/\/gradadigital.com\/home\/wp-json\/wp\/v2\/categories?post=15645"},{"taxonomy":"post_tag","embeddable":true,"href":"http:\/\/gradadigital.com\/home\/wp-json\/wp\/v2\/tags?post=15645"}],"curies":[{"name":"wp","href":"https:\/\/api.w.org\/{rel}","templated":true}]}}