{"id":15632,"date":"2014-11-02T23:13:05","date_gmt":"2014-11-03T03:43:05","guid":{"rendered":"http:\/\/gradadigital.com\/home\/?p=15632"},"modified":"2014-11-02T23:28:26","modified_gmt":"2014-11-03T03:58:26","slug":"remontada-vitali","status":"publish","type":"post","link":"http:\/\/gradadigital.com\/home\/remontada-vitali\/","title":{"rendered":"Remontada Vitali"},"content":{"rendered":"<p style=\"text-align: center;\"><img loading=\"lazy\" decoding=\"async\" class=\"alignnone size-full wp-image-15633\" src=\"http:\/\/gradadigital.com\/home\/wp-content\/uploads\/2014\/11\/miguel_mea_vitali_caracas_carabobo_02112014.jpg\" alt=\"miguel_mea_vitali_caracas_carabobo_02112014\" width=\"682\" height=\"396\" srcset=\"http:\/\/gradadigital.com\/home\/wp-content\/uploads\/2014\/11\/miguel_mea_vitali_caracas_carabobo_02112014.jpg 682w, http:\/\/gradadigital.com\/home\/wp-content\/uploads\/2014\/11\/miguel_mea_vitali_caracas_carabobo_02112014-300x174.jpg 300w\" sizes=\"auto, (max-width: 682px) 100vw, 682px\" \/><\/p>\n<p style=\"text-align: justify;\"><strong>Jes\u00fas A. S\u00e1ez S. &#8211; Caracas.<\/strong>&#8211; El rojo no baj\u00f3 los brazos y pudo\u00a0derrotar en el \u00faltimo momento al conjunto del Carabobo FC y ahora los\u00a0capitalinos se meten en la pelea por el t\u00edtulo del Torneo Apertura\u00a02014.<\/p>\n<p style=\"text-align: justify;\">Dicen que la jerarqu\u00eda dentro de la cancha es la clave para que los\u00a0grandes equipos consigan los triunfos y t\u00edtulos, y para el Caracas FC\u00a0no es la excepci\u00f3n este mito deportivo. De por s\u00ed, se han mantenido\u00a0durante muchos a\u00f1os como uno de los equipos m\u00e1s consolidados del pa\u00eds,\u00a0por ello este domingo pusieron en pr\u00e1ctica el liderazgo y optimismo\u00a0para llevarse los tres puntos en casa, ante un rival que siempre ha\u00a0sido complicado para los avile\u00f1os.<\/p>\n<p style=\"text-align: justify;\">Aunque las cosas no se esperaban que iban a comenzar tan r\u00e1pido,\u00a0Carabobo FC no esper\u00f3 mucho tiempo para irse arriba en el marcador,\u00a0por lo que aprovech\u00f3 el descuido de la zaga local y la rapidez de sus\u00a0jugadores en el ataque. Cuando se jugaba apenas el primer minuto del\u00a0encuentro, Carlos Su\u00e1rez protagoniz\u00f3 un contragolpe desde la zona<br \/>\nmedular y al encontrarse libre de marca, le lleg\u00f3 a su pies de nuevo\u00a0la pelota y con seguridad pudo definir con claridad para esconderla en\u00a0el fondo de las redes en el Ol\u00edmpico de la UCV, momento que daba por\u00a0pensar que los papeles estaban firmado a favor de la visita.<\/p>\n<p style=\"text-align: justify;\">A pesar de la peque\u00f1a ventaja el equipo granate no se qued\u00f3 conforme y\u00a0sigui\u00f3 ampliando las acciones, con la finalidad de catapultar el\u00a0partido en el primer tiempo, por lo que trataba causar da\u00f1o por la\u00a0banda derecha a trav\u00e9s de Su\u00e1rez autor del primer gol. Al ver que era\u00a0un factor positivo no lo desperdiciaron, concretando el segundo tras<br \/>\nun disparo que no supo manejar Baroja, quedando el rebote al reci\u00e9n\u00a0ingresado Diego Garc\u00eda, qui\u00e9n remat\u00f3 sin compasi\u00f3n el arco del Alain.<\/p>\n<p style=\"text-align: justify;\">Luego de experimentar como defensa central, Ricardo Andreutti volvi\u00f3 a\u00a0su posici\u00f3n habitual haciendo unos peque\u00f1os ajustes el estratega\u00a0Eduardo Sarag\u00f3 para tratar de igualar el partido en un primer momento,\u00a0idea que le fue funcionando al pasar los minutos. Otero nuevamente\u00a0tomaba el control de la cancha haciendo valer su 10 en el Rojo, como\u00a0es de costumbre se la habilit\u00f3 a Andreutti que con s\u00f3lo tocarla de\u00a0primera,le bast\u00f3 para acribillar la porter\u00eda de Leo Morales,\u00a0descontando en el marcador (1-2) la ventaja del Carabobo FC.<\/p>\n<p style=\"text-align: justify;\">Caracas FC no se desanim\u00f3 y cumpli\u00f3 con los objetivos trazados en el\u00a0camerino, que era remontar el partido, acci\u00f3n que se le dio tras\u00a0varios intentos y el h\u00e9roe se llamaba Miguel Mea Vitali, haciendo\u00a0notar de por qu\u00e9 es el capit\u00e1n del equipo y el principal cerebro de\u00a0los jugadores en cancha, ech\u00e1ndose al lomo el juego junto a sus\u00a0pupilos como R\u00f3mulo Otero y Andreutti.<\/p>\n<p style=\"text-align: justify;\">\u201cMiky\u201d se le presentaba el momento para igualar el partido desde los\u00a012 pasos y con mucha calma lo cobr\u00f3 como los grandes, con seguridad y\u00a0sin titubeo enga\u00f1\u00f3 a Morales para el 2-2. La afici\u00f3n se hac\u00eda sentir\u00a0jugando al n\u00famero 12, pues cada vez entonaban con m\u00e1s furor los\u00a0canticos a favor de su equipo desde las gradas. Cabe destacar que Leo\u00a0recibi\u00f3 la amarilla por reclamar la sentencia del principal en el\u00a0\u00e1rea.<\/p>\n<p style=\"text-align: justify;\">Y cuando ya estaba todo por terminarse, Mea Vitali segu\u00eda\u00a0sorprendiendo a los presentes y sobre todo a su rival, el volante supo\u00a0armar un veloz contragolpe junto con Edder Far\u00edas que intento mandar\u00a0un fuerte disparo pero Morales se lo ataj\u00f3, despejando de manera d\u00e9bil\u00a0sin percatarse que estaba cerca \u201cMiky\u201d, por ello el capit\u00e1n pudo\u00a0pegarle sin complicaciones para el 3-2 y celebrar junto a la barra, la\u00a0remontada milagrosa obtenida en casa.<\/p>\n<p style=\"text-align: justify;\">Previo al pitazo final Baroja tambi\u00e9n se puso la capa de superh\u00e9roe al\u00a0tapar un disparo y cegarle el empate al granate qui\u00e9n se retir\u00f3 a casa\u00a0con la derrota en los bolsillos, mientras que los locales se\u00a0reconciliaban con la victoria.<\/p>\n<p style=\"text-align: justify;\">Ahora depende del Caracas cerrar bien el apertura para apoderarse del\u00a0campeonato, s\u00f3lo dependen de s\u00ed mismo y de cometer un rev\u00e9s, puede\u00a0costarle el t\u00edtulo en el Apertura 2014. El pr\u00f3ximo domingo el Rojo se\u00a0quedar\u00e1 en la capital pero de calidad visitante jugar\u00e1 ante el\u00a0Deportivo Petare, por su pate el Carabobo FC recibe en el Misael<br \/>\nDelgado al Aragua FC, en el derby de la regi\u00f3n central del pa\u00eds.<\/p>\n<p style=\"text-align: center;\"><a href=\"https:\/\/play.google.com\/store\/apps\/details?id=com.app.gradadigital\" target=\"_blank\"><img loading=\"lazy\" decoding=\"async\" class=\"alignnone size-full wp-image-15415\" src=\"http:\/\/gradadigital.com\/home\/wp-content\/uploads\/2014\/10\/banner_aplicacion_V2_GRADADIGITAL_17102014.jpg\" alt=\"banner_aplicacion_V2_GRADADIGITAL_17102014\" width=\"620\" height=\"100\" srcset=\"http:\/\/gradadigital.com\/home\/wp-content\/uploads\/2014\/10\/banner_aplicacion_V2_GRADADIGITAL_17102014.jpg 620w, http:\/\/gradadigital.com\/home\/wp-content\/uploads\/2014\/10\/banner_aplicacion_V2_GRADADIGITAL_17102014-300x48.jpg 300w\" sizes=\"auto, (max-width: 620px) 100vw, 620px\" \/><\/a><\/p>\n<div style=\"text-align: center;\"><iframe loading=\"lazy\" src=\"http:\/\/gradadigital.com\/datafactory\/html\/venezuela\/ficha203709.html\" width=\"702\" height=\"1030\" frameborder=\"0\" marginwidth=\"0\" marginheight=\"0\" scrolling=\"no\"><\/iframe><\/div>\n","protected":false},"excerpt":{"rendered":"<p>Jes\u00fas A. S\u00e1ez S. &#8211; Caracas.&#8211; El rojo no baj\u00f3 los brazos y pudo\u00a0derrotar en el \u00faltimo momento al conjunto del Carabobo FC y ahora los\u00a0capitalinos se meten en la pelea por el t\u00edtulo del Torneo Apertura\u00a02014. Dicen que la jerarqu\u00eda dentro de la cancha es la clave para que los\u00a0grandes equipos consigan los triunfos &#8230;<\/p>\n","protected":false},"author":4,"featured_media":15633,"comment_status":"closed","ping_status":"closed","sticky":false,"template":"","format":"standard","meta":{"footnotes":""},"categories":[752,29,9,5,31],"tags":[],"class_list":["post-15632","post","type-post","status-publish","format-standard","has-post-thumbnail","hentry","category-appgd","category-carabobo-fc","category-caracas-fc","category-futbol-nacional","category-primera-division"],"_links":{"self":[{"href":"http:\/\/gradadigital.com\/home\/wp-json\/wp\/v2\/posts\/15632","targetHints":{"allow":["GET"]}}],"collection":[{"href":"http:\/\/gradadigital.com\/home\/wp-json\/wp\/v2\/posts"}],"about":[{"href":"http:\/\/gradadigital.com\/home\/wp-json\/wp\/v2\/types\/post"}],"author":[{"embeddable":true,"href":"http:\/\/gradadigital.com\/home\/wp-json\/wp\/v2\/users\/4"}],"replies":[{"embeddable":true,"href":"http:\/\/gradadigital.com\/home\/wp-json\/wp\/v2\/comments?post=15632"}],"version-history":[{"count":2,"href":"http:\/\/gradadigital.com\/home\/wp-json\/wp\/v2\/posts\/15632\/revisions"}],"predecessor-version":[{"id":15641,"href":"http:\/\/gradadigital.com\/home\/wp-json\/wp\/v2\/posts\/15632\/revisions\/15641"}],"wp:featuredmedia":[{"embeddable":true,"href":"http:\/\/gradadigital.com\/home\/wp-json\/wp\/v2\/media\/15633"}],"wp:attachment":[{"href":"http:\/\/gradadigital.com\/home\/wp-json\/wp\/v2\/media?parent=15632"}],"wp:term":[{"taxonomy":"category","embeddable":true,"href":"http:\/\/gradadigital.com\/home\/wp-json\/wp\/v2\/categories?post=15632"},{"taxonomy":"post_tag","embeddable":true,"href":"http:\/\/gradadigital.com\/home\/wp-json\/wp\/v2\/tags?post=15632"}],"curies":[{"name":"wp","href":"https:\/\/api.w.org\/{rel}","templated":true}]}}