{"id":15611,"date":"2014-10-30T00:36:13","date_gmt":"2014-10-30T05:06:13","guid":{"rendered":"http:\/\/gradadigital.com\/home\/?p=15611"},"modified":"2014-10-30T00:58:09","modified_gmt":"2014-10-30T05:28:09","slug":"mineros-y-caracas-sin-sacarse-diferencias","status":"publish","type":"post","link":"http:\/\/gradadigital.com\/home\/mineros-y-caracas-sin-sacarse-diferencias\/","title":{"rendered":"Mineros y Caracas sin sacarse diferencias"},"content":{"rendered":"<p style=\"text-align: center;\"><img loading=\"lazy\" decoding=\"async\" class=\"alignnone size-full wp-image-15612\" src=\"http:\/\/gradadigital.com\/home\/wp-content\/uploads\/2014\/10\/richard_blanco_ricardo_andreutti_mineros_caracas_29102014.jpg\" alt=\"richard_blanco_ricardo_andreutti_mineros_caracas_29102014\" width=\"682\" height=\"396\" srcset=\"http:\/\/gradadigital.com\/home\/wp-content\/uploads\/2014\/10\/richard_blanco_ricardo_andreutti_mineros_caracas_29102014.jpg 682w, http:\/\/gradadigital.com\/home\/wp-content\/uploads\/2014\/10\/richard_blanco_ricardo_andreutti_mineros_caracas_29102014-300x174.jpg 300w\" sizes=\"auto, (max-width: 682px) 100vw, 682px\" \/><\/p>\n<p style=\"text-align: justify;\"><strong>Prensa Mineros de Guayana &#8211;\u00a0<\/strong>Mineros de Guayana se puso al d\u00eda con el calendario del Torneo Apertura del f\u00fatbol profesional venezolano y este mi\u00e9rcoles se enfrent\u00f3 al Caracas FC, con quien empat\u00f3 0-0, en duelo correspondiente a la fecha cuatro, que se llev\u00f3 a cabo en el CTE Cachamay, ante 6.426 fan\u00e1ticos.<\/p>\n<p style=\"text-align: justify;\">Los negriazules generaron varias ocasiones de peligro, pero no pudieron cambiarlas por gol y sumaron un punto en condici\u00f3n de local, para llegar a 14 y mantenerse en la d\u00e9cima casilla de la tabla. Con el empate, Caracas se llev\u00f3 la \u201cCopa Gatorade\u201d que estaba en disputa.<\/p>\n<p style=\"text-align: justify;\">Este compromiso tambi\u00e9n sirvi\u00f3 para que el juvenil, Luis Parra, de 17 a\u00f1os de edad,\u00a0 hiciera su debut como jugador profesional. Parra, quien se encarg\u00f3 del lateral izquierdo y estuvo en cancha durante 83 minutos, estuvo a la altura del compromiso.<\/p>\n<p style=\"text-align: justify;\">La primera llegada clara fue para Mineros de Guayana, apenas al minuto 10, luego de un contragolpe, que por poco termina en gol. Richard Blanco se enrumb\u00f3 al \u00e1rea capitalina y cedi\u00f3 el bal\u00f3n en profundidad para Rub\u00e9n Rojas, quien se perfil\u00f3 y sac\u00f3 un remate de pierna derecha, pero careci\u00f3 de potencia.<\/p>\n<p style=\"text-align: justify;\">Con el pasar de los minutos, los negriazules se fueron adue\u00f1ando de la pelota, pero faltaba el \u00faltimo toque. Al 28\u2019, Mineros y Caracas se quedaron con un hombre menos, tras la expulsi\u00f3n de Alberto Cabello y Jefre Vargas, quienes vieron la cartulina roja directa, luego de una disputa sin bal\u00f3n.<\/p>\n<p style=\"text-align: justify;\"><strong>Intentos negriazules<\/strong><\/p>\n<p style=\"text-align: justify;\">Los locales no se amilanaron y mantuvieron el asedio en contra de los visitantes. Al minuto 33\u2019, el \u201cMorocho\u201d Rojas lo intent\u00f3 desde el borde del \u00e1rea, luego de recibir de espaldas al arco y controlar con el pecho, pero el portero capitalino, Alain Baroja, mand\u00f3 la esf\u00e9rica al c\u00f3rner.<\/p>\n<p style=\"text-align: justify;\">Cuatro minutos despu\u00e9s, los mineristas tuvieron otra oportunidad, nuevamente por la v\u00eda del contragolpe, que comand\u00f3 Edgar Jim\u00e9nez desde la mitad del campo, para luego entreg\u00e1rsela a Blanco, quien se intern\u00f3 en el \u00e1rea y sac\u00f3 un derechazo, que se fue desviado.<\/p>\n<p style=\"text-align: justify;\">Luego de un minuto de reposici\u00f3n y tras la ejecuci\u00f3n de un tiro de esquina por parte del Caracas, el \u00e1rbitro principal, Alexis Herrera, le puso fin a los primeros 45 minutos.<\/p>\n<p style=\"text-align: justify;\"><strong>No apareci\u00f3 el gol<\/strong><\/p>\n<p style=\"text-align: justify;\">Mineros comenz\u00f3 la segunda etapa con la misma intensidad y al 48\u2019 casi inaugura la pizarra. Breitner Da Silva cobr\u00f3 un tiro de esquina por la derecha, que encontr\u00f3 bien ubicado a Julio Machado, quien cabece\u00f3 fuerte y hacia abajo, pero nuevamente el meta \u201crojo\u201d evit\u00f3 la ca\u00edda de su arco.<\/p>\n<p style=\"text-align: justify;\">Rojas tuvo par de oportunidades, primero al minuto 58 y luego al 60\u2019, pero Baroja y el travesa\u00f1o le ahogaron el grito de gol al artillero minerista.<\/p>\n<p style=\"text-align: justify;\">Marcos Math\u00edas le dio ingreso a \u00c1ngelo Pe\u00f1a, al minuto 63\u2019, lo que le hizo tener mayor movilidad dentro del rect\u00e1ngulo de juego.\u00a0 Pe\u00f1a se atrevi\u00f3 con par de remates desde fuera del \u00e1rea, pero sin fortuna. Mineros lo intent\u00f3 hasta el final, mucho m\u00e1s que Caracas, pero al t\u00e9rmino de los tres minutos de reposici\u00f3n, el principal decret\u00f3 el final del cotejo.<\/p>\n<p style=\"text-align: justify;\">Ahora, los negriazules deben empezar a preparar todo para su pr\u00f3ximo partido, ante Tucanes de Amazonas, que se disputar\u00e1 el domingo 2 de noviembre en el CTE Cachamay, a partir de las 4:00 de la tarde, por la jornada 12.<\/p>\n<p style=\"text-align: center;\"><a href=\"https:\/\/play.google.com\/store\/apps\/details?id=com.app.gradadigital\" target=\"_blank\"><img loading=\"lazy\" decoding=\"async\" class=\"alignnone size-full wp-image-15415\" src=\"http:\/\/gradadigital.com\/home\/wp-content\/uploads\/2014\/10\/banner_aplicacion_V2_GRADADIGITAL_17102014.jpg\" alt=\"banner_aplicacion_V2_GRADADIGITAL_17102014\" width=\"620\" height=\"100\" srcset=\"http:\/\/gradadigital.com\/home\/wp-content\/uploads\/2014\/10\/banner_aplicacion_V2_GRADADIGITAL_17102014.jpg 620w, http:\/\/gradadigital.com\/home\/wp-content\/uploads\/2014\/10\/banner_aplicacion_V2_GRADADIGITAL_17102014-300x48.jpg 300w\" sizes=\"auto, (max-width: 620px) 100vw, 620px\" \/><\/a><\/p>\n<div style=\"text-align: center;\"><iframe loading=\"lazy\" src=\"http:\/\/gradadigital.com\/datafactory\/html\/venezuela\/ficha203629.html\" width=\"702\" height=\"1030\" frameborder=\"0\" marginwidth=\"0\" marginheight=\"0\" scrolling=\"no\"><\/iframe><\/div>\n","protected":false},"excerpt":{"rendered":"<p>Prensa Mineros de Guayana &#8211;\u00a0Mineros de Guayana se puso al d\u00eda con el calendario del Torneo Apertura del f\u00fatbol profesional venezolano y este mi\u00e9rcoles se enfrent\u00f3 al Caracas FC, con quien empat\u00f3 0-0, en duelo correspondiente a la fecha cuatro, que se llev\u00f3 a cabo en el CTE Cachamay, ante 6.426 fan\u00e1ticos. Los negriazules generaron &#8230;<\/p>\n","protected":false},"author":4,"featured_media":15612,"comment_status":"closed","ping_status":"closed","sticky":false,"template":"","format":"standard","meta":{"footnotes":""},"categories":[752,9,5,15,31],"tags":[],"class_list":["post-15611","post","type-post","status-publish","format-standard","has-post-thumbnail","hentry","category-appgd","category-caracas-fc","category-futbol-nacional","category-mineros-de-guayana","category-primera-division"],"_links":{"self":[{"href":"http:\/\/gradadigital.com\/home\/wp-json\/wp\/v2\/posts\/15611","targetHints":{"allow":["GET"]}}],"collection":[{"href":"http:\/\/gradadigital.com\/home\/wp-json\/wp\/v2\/posts"}],"about":[{"href":"http:\/\/gradadigital.com\/home\/wp-json\/wp\/v2\/types\/post"}],"author":[{"embeddable":true,"href":"http:\/\/gradadigital.com\/home\/wp-json\/wp\/v2\/users\/4"}],"replies":[{"embeddable":true,"href":"http:\/\/gradadigital.com\/home\/wp-json\/wp\/v2\/comments?post=15611"}],"version-history":[{"count":3,"href":"http:\/\/gradadigital.com\/home\/wp-json\/wp\/v2\/posts\/15611\/revisions"}],"predecessor-version":[{"id":15615,"href":"http:\/\/gradadigital.com\/home\/wp-json\/wp\/v2\/posts\/15611\/revisions\/15615"}],"wp:featuredmedia":[{"embeddable":true,"href":"http:\/\/gradadigital.com\/home\/wp-json\/wp\/v2\/media\/15612"}],"wp:attachment":[{"href":"http:\/\/gradadigital.com\/home\/wp-json\/wp\/v2\/media?parent=15611"}],"wp:term":[{"taxonomy":"category","embeddable":true,"href":"http:\/\/gradadigital.com\/home\/wp-json\/wp\/v2\/categories?post=15611"},{"taxonomy":"post_tag","embeddable":true,"href":"http:\/\/gradadigital.com\/home\/wp-json\/wp\/v2\/tags?post=15611"}],"curies":[{"name":"wp","href":"https:\/\/api.w.org\/{rel}","templated":true}]}}