{"id":15478,"date":"2014-10-21T11:22:25","date_gmt":"2014-10-21T15:52:25","guid":{"rendered":"http:\/\/gradadigital.com\/home\/?p=15478"},"modified":"2014-10-21T11:28:45","modified_gmt":"2014-10-21T15:58:45","slug":"jose-romo-el-profe-siempre-me-pide-que-este-ahi-me-mantenga-en-el-area","status":"publish","type":"post","link":"http:\/\/gradadigital.com\/home\/jose-romo-el-profe-siempre-me-pide-que-este-ahi-me-mantenga-en-el-area\/","title":{"rendered":"Jos\u00e9 Romo: \u00abEl profe siempre me pide que este ah\u00ed, me mantenga en el \u00e1rea\u00bb"},"content":{"rendered":"<p style=\"text-align: center;\"><img loading=\"lazy\" decoding=\"async\" class=\"alignnone size-full wp-image-15128\" src=\"http:\/\/gradadigital.com\/home\/wp-content\/uploads\/2014\/09\/jose_romo_metropolitanos_lara_20092014.jpg\" alt=\"jose_romo_metropolitanos_lara_20092014\" width=\"682\" height=\"396\" srcset=\"http:\/\/gradadigital.com\/home\/wp-content\/uploads\/2014\/09\/jose_romo_metropolitanos_lara_20092014.jpg 682w, http:\/\/gradadigital.com\/home\/wp-content\/uploads\/2014\/09\/jose_romo_metropolitanos_lara_20092014-300x174.jpg 300w\" sizes=\"auto, (max-width: 682px) 100vw, 682px\" \/><\/p>\n<p style=\"text-align: justify;\"><strong>Lcdo. Ram\u00f3n Medina &#8211;\u00a0<\/strong>El Deportivo Lara logr\u00f3 una victoria de 2-0 en el Estadio Metropolitano ante Deportivo Petare por la jornada 10 del Torneo Apertura 2014, con tantos de Jos\u00e9 Romo y Armando Maita.<\/p>\n<p style=\"text-align: justify;\">Los rojinegros tuvieron a un Jos\u00e9 Romo con una excelente actuaci\u00f3n, realizando labores ofensivas como asistente, jugando detr\u00e1s del arco sirviendo balones a Armando Maita e incluso generando faltas cerca del \u00e1rea, sum\u00e1ndose al golazo de cabeza marcado.<\/p>\n<p style=\"text-align: justify;\">Para el jugador Jos\u00e9 Romo quien se encarg\u00f3 de anotar el primero en el partido por la v\u00eda a\u00e9rea luego de un tiro de esquina, habl\u00f3 de la importancia de empezar hacerse fuertes como local. <strong>\u201cSab\u00edamos que pod\u00edamos hacernos fuertes en casa, tuvimos una semana de descanso en la cual nos\u00a0 pudimos preparar mejor para el partido y creo que lo demostramos, hicimos excelente partido y dejamos los tres puntos aqu\u00ed en casa.\u201d<\/strong><\/p>\n<p style=\"text-align: justify;\">En entrevistas anteriores, el jugador que a\u00fan es ficha del Petare, apunt\u00f3 la labor que tambi\u00e9n posee como delantero que busca faltas cerca del \u00e1rea, jugando detr\u00e1s del arco.<strong> \u201cComo lo dije esa vez, el profesor me ped\u00eda en algunos momentos del partido que saliera m\u00e1s y buscara la pelota para cubrirla y yo creo que el trabajo lo he venido haciendo, he podido conseguir buenas faltas a favor del equipo y el equipo viene trabajando a eso, el profe pide movilidad y que estemos por todos lados al ataque y el equipo lo hizo muy bien.\u201d<\/strong><\/p>\n<p style=\"text-align: justify;\"><strong>\u201cEl profe siempre me pide que este ah\u00ed, me mantenga en el \u00e1rea y gracias a Dios se me dio la oportunidad de marcar hoy, como dicen por ah\u00ed la ley del ex, el equipo al cual pertenezco pero gracias a Dios conseguimos los tres puntos.\u201d <\/strong>Se\u00f1al\u00f3 sobre su gol anotado en el duelo frente al equipo due\u00f1o de su ficha.<\/p>\n<p style=\"text-align: justify;\">El \u201cPollo\u201d Romo tambi\u00e9n coincide con la importancia de haber ganado y empezar a subir en la tabla. <strong>\u00a0\u201cEn la tabla est\u00e1 todo parejo, pudimos empezar esta segunda mitad con un triunfo aqu\u00ed en casa, sabemos que ven\u00edamos haciendo buenos partidos, para estar\u00a0 m\u00e1s arriba y hoy lo demostramos, sab\u00edamos que pod\u00edamos hacerlo y esto es una bonita manera de comenzar la segunda mitad y van a ver que vamos a estar en los puestos de arriba.\u201d<\/strong><\/p>\n<p style=\"text-align: justify;\"><strong>\u201cComo te coment\u00e9 en la tabla todo est\u00e1 muy parejo hay muchos rivales directos que nos toca enfrentar y creo que comienza con esta visita en caracas contra Atl\u00e9tico, creo que si hacemos un partido como lo hicimos este domingo, sabemos que podemos conseguir los tres puntos all\u00e1 y vamos a ir por eso, tenemos con qu\u00e9 y lo hemos demostrado.\u201d <\/strong>Se\u00f1al\u00f3 quien viste el dorsal 19 en su espalda resaltando el venidero partido ante un rival directo como Atl\u00e9tico Venezuela.<\/p>\n<p style=\"text-align: justify;\">Cuestionado sobre qu\u00e9 equipo se va a ver en los pr\u00f3ximos partidos, dijo. <strong>\u201cYa lo hemos demostrado partidos atr\u00e1s, hemos venido jugando muy bien, hemos mejorado en algunas facetas del partido donde antes no nos iba bien, creo que el equipo va a subir y va a estar en la posici\u00f3n que se merece y esperemos que con esta primera victoria en la segunda mitad sea podamos seguir subiendo, que esto sea un primer impulso para lograr conseguir los puestos de arriba\u201d, <\/strong>finaliz\u00f3<strong>.<\/strong><\/p>\n<p style=\"text-align: center;\"><a href=\"https:\/\/play.google.com\/store\/apps\/details?id=com.app.gradadigital\" target=\"_blank\"><img loading=\"lazy\" decoding=\"async\" class=\"alignnone size-full wp-image-15415\" src=\"http:\/\/gradadigital.com\/home\/wp-content\/uploads\/2014\/10\/banner_aplicacion_V2_GRADADIGITAL_17102014.jpg\" alt=\"banner_aplicacion_V2_GRADADIGITAL_17102014\" width=\"620\" height=\"100\" srcset=\"http:\/\/gradadigital.com\/home\/wp-content\/uploads\/2014\/10\/banner_aplicacion_V2_GRADADIGITAL_17102014.jpg 620w, http:\/\/gradadigital.com\/home\/wp-content\/uploads\/2014\/10\/banner_aplicacion_V2_GRADADIGITAL_17102014-300x48.jpg 300w\" sizes=\"auto, (max-width: 620px) 100vw, 620px\" \/><\/a><\/p>\n","protected":false},"excerpt":{"rendered":"<p>Lcdo. Ram\u00f3n Medina &#8211;\u00a0El Deportivo Lara logr\u00f3 una victoria de 2-0 en el Estadio Metropolitano ante Deportivo Petare por la jornada 10 del Torneo Apertura 2014, con tantos de Jos\u00e9 Romo y Armando Maita. Los rojinegros tuvieron a un Jos\u00e9 Romo con una excelente actuaci\u00f3n, realizando labores ofensivas como asistente, jugando detr\u00e1s del arco sirviendo &#8230;<\/p>\n","protected":false},"author":4,"featured_media":15128,"comment_status":"closed","ping_status":"closed","sticky":false,"template":"","format":"standard","meta":{"footnotes":""},"categories":[752,8,5,31],"tags":[],"class_list":["post-15478","post","type-post","status-publish","format-standard","has-post-thumbnail","hentry","category-appgd","category-cd-lara","category-futbol-nacional","category-primera-division"],"_links":{"self":[{"href":"http:\/\/gradadigital.com\/home\/wp-json\/wp\/v2\/posts\/15478","targetHints":{"allow":["GET"]}}],"collection":[{"href":"http:\/\/gradadigital.com\/home\/wp-json\/wp\/v2\/posts"}],"about":[{"href":"http:\/\/gradadigital.com\/home\/wp-json\/wp\/v2\/types\/post"}],"author":[{"embeddable":true,"href":"http:\/\/gradadigital.com\/home\/wp-json\/wp\/v2\/users\/4"}],"replies":[{"embeddable":true,"href":"http:\/\/gradadigital.com\/home\/wp-json\/wp\/v2\/comments?post=15478"}],"version-history":[{"count":3,"href":"http:\/\/gradadigital.com\/home\/wp-json\/wp\/v2\/posts\/15478\/revisions"}],"predecessor-version":[{"id":15481,"href":"http:\/\/gradadigital.com\/home\/wp-json\/wp\/v2\/posts\/15478\/revisions\/15481"}],"wp:featuredmedia":[{"embeddable":true,"href":"http:\/\/gradadigital.com\/home\/wp-json\/wp\/v2\/media\/15128"}],"wp:attachment":[{"href":"http:\/\/gradadigital.com\/home\/wp-json\/wp\/v2\/media?parent=15478"}],"wp:term":[{"taxonomy":"category","embeddable":true,"href":"http:\/\/gradadigital.com\/home\/wp-json\/wp\/v2\/categories?post=15478"},{"taxonomy":"post_tag","embeddable":true,"href":"http:\/\/gradadigital.com\/home\/wp-json\/wp\/v2\/tags?post=15478"}],"curies":[{"name":"wp","href":"https:\/\/api.w.org\/{rel}","templated":true}]}}