{"id":15325,"date":"2014-10-10T16:11:29","date_gmt":"2014-10-10T20:41:29","guid":{"rendered":"http:\/\/gradadigital.com\/home\/?p=15325"},"modified":"2014-10-10T16:11:29","modified_gmt":"2014-10-10T20:41:29","slug":"vega-estamos-viviendo-partido-tras-partido","status":"publish","type":"post","link":"http:\/\/gradadigital.com\/home\/vega-estamos-viviendo-partido-tras-partido\/","title":{"rendered":"Vega: \u00abEstamos viviendo partido tras partido\u00bb"},"content":{"rendered":"<p style=\"text-align: center;\"><img loading=\"lazy\" decoding=\"async\" class=\"alignnone size-full wp-image-15326\" src=\"http:\/\/gradadigital.com\/home\/wp-content\/uploads\/2014\/10\/renny_vega_laguaira_mineros_2014.jpg\" alt=\"renny_vega_laguaira_mineros_2014\" width=\"682\" height=\"396\" srcset=\"http:\/\/gradadigital.com\/home\/wp-content\/uploads\/2014\/10\/renny_vega_laguaira_mineros_2014.jpg 682w, http:\/\/gradadigital.com\/home\/wp-content\/uploads\/2014\/10\/renny_vega_laguaira_mineros_2014-300x174.jpg 300w\" sizes=\"auto, (max-width: 682px) 100vw, 682px\" \/><\/p>\n<p style=\"text-align: justify;\"><strong>Francesco Leggieri, Dvo La Guaira.- <\/strong>Luego de superar sus molestias f\u00edsicas, Renny Vega volvi\u00f3 por todo lo alto al arco naranja, donde se ha podido mostrar s\u00f3lido y ha contribuido con el buen accionar de equipo, que contin\u00faa siendo protagonista del Torneo Apertura y Copa Venezuela.<\/p>\n<p style=\"text-align: justify;\"><strong>\u201cGracias a Dios ya me he podido mejorar\u00a0 de esa capsulitas y de ese dolor que me imped\u00eda trabajar al 100%. Ya he podido estar jugando que es lo que m\u00e1s me gusta\u201d, <\/strong>se\u00f1alar\u00eda el guardameta Renny Vega, quien ha visto acci\u00f3n en los \u00faltimos dos encuentros de La Guaria.<\/p>\n<p style=\"text-align: justify;\">En su regreso a las canchas, Vega ha podido salir victorioso ante Mineros de Guayana y ante el Zamora FC, donde adem\u00e1s ha dejado su arco en cero, demostrando de esta forma su gran regreso.<strong> \u201cEso tambi\u00e9n ha sido gracias a la labor de mis compa\u00f1eros, ya que uno tiene que reconocer el trabajo de los defensas y de todo un grupo completo que est\u00e1 luchando para llevar a este equipo a lo m\u00e1s alto\u201d. <\/strong><\/p>\n<p style=\"text-align: justify;\">Vega al igual que el resto de la plantilla vive con mucha cautela el momento que atraviesa la escuadra naranja.<strong> \u201cEstamos viviendo partido tras partido. Ahora tendremos otra final el d\u00eda domingo en Matur\u00edn, que va hacer muy importante. No nos confiamos porque sea un equipo de Segunda, ya que tienen jugadores de excelente calidad, con mucho recorrido como\u00a0 (Rafael) Castell\u00edn y muchos m\u00e1s.\u00a0 Seguramente ser\u00e1 un partido bastante intenso, en una cancha complicada\u201d, <\/strong>apuntar\u00eda el golero litorelense.<\/p>\n<p style=\"text-align: justify;\">En referencia al encuentro del domingo, Vega apuntar\u00eda que<strong> \u201crespetamos al rival, pero tambi\u00e9n tenemos que\u00a0 tener en cuenta nuestras fortalezas. Tenemos que ir tranquilo y mentalizados a sacar un resultado importante<\/strong><strong>\u201d. <\/strong><\/p>\n","protected":false},"excerpt":{"rendered":"<p>Francesco Leggieri, Dvo La Guaira.- Luego de superar sus molestias f\u00edsicas, Renny Vega volvi\u00f3 por todo lo alto al arco naranja, donde se ha podido mostrar s\u00f3lido y ha contribuido con el buen accionar de equipo, que contin\u00faa siendo protagonista del Torneo Apertura y Copa Venezuela. \u201cGracias a Dios ya me he podido mejorar\u00a0 de &#8230;<\/p>\n","protected":false},"author":4,"featured_media":15326,"comment_status":"closed","ping_status":"closed","sticky":false,"template":"","format":"standard","meta":{"footnotes":""},"categories":[752,34,18,5,31],"tags":[],"class_list":["post-15325","post","type-post","status-publish","format-standard","has-post-thumbnail","hentry","category-appgd","category-copa-venezuela","category-real-esppor","category-futbol-nacional","category-primera-division"],"_links":{"self":[{"href":"http:\/\/gradadigital.com\/home\/wp-json\/wp\/v2\/posts\/15325","targetHints":{"allow":["GET"]}}],"collection":[{"href":"http:\/\/gradadigital.com\/home\/wp-json\/wp\/v2\/posts"}],"about":[{"href":"http:\/\/gradadigital.com\/home\/wp-json\/wp\/v2\/types\/post"}],"author":[{"embeddable":true,"href":"http:\/\/gradadigital.com\/home\/wp-json\/wp\/v2\/users\/4"}],"replies":[{"embeddable":true,"href":"http:\/\/gradadigital.com\/home\/wp-json\/wp\/v2\/comments?post=15325"}],"version-history":[{"count":1,"href":"http:\/\/gradadigital.com\/home\/wp-json\/wp\/v2\/posts\/15325\/revisions"}],"predecessor-version":[{"id":15327,"href":"http:\/\/gradadigital.com\/home\/wp-json\/wp\/v2\/posts\/15325\/revisions\/15327"}],"wp:featuredmedia":[{"embeddable":true,"href":"http:\/\/gradadigital.com\/home\/wp-json\/wp\/v2\/media\/15326"}],"wp:attachment":[{"href":"http:\/\/gradadigital.com\/home\/wp-json\/wp\/v2\/media?parent=15325"}],"wp:term":[{"taxonomy":"category","embeddable":true,"href":"http:\/\/gradadigital.com\/home\/wp-json\/wp\/v2\/categories?post=15325"},{"taxonomy":"post_tag","embeddable":true,"href":"http:\/\/gradadigital.com\/home\/wp-json\/wp\/v2\/tags?post=15325"}],"curies":[{"name":"wp","href":"https:\/\/api.w.org\/{rel}","templated":true}]}}