{"id":15301,"date":"2014-10-10T15:20:04","date_gmt":"2014-10-10T19:50:04","guid":{"rendered":"http:\/\/gradadigital.com\/home\/?p=15301"},"modified":"2014-10-10T15:20:04","modified_gmt":"2014-10-10T19:50:04","slug":"chancellor-debemos-hacernos-fuerte-mentalmente","status":"publish","type":"post","link":"http:\/\/gradadigital.com\/home\/chancellor-debemos-hacernos-fuerte-mentalmente\/","title":{"rendered":"Chancellor: \u00abDebemos hacernos fuerte mentalmente\u00bb"},"content":{"rendered":"<p style=\"text-align: center;\"><img loading=\"lazy\" decoding=\"async\" class=\"alignnone size-full wp-image-15302\" src=\"http:\/\/gradadigital.com\/home\/wp-content\/uploads\/2014\/10\/jhon_chancellor_lara_10102014.jpg\" alt=\"jhon_chancellor_lara_10102014\" width=\"682\" height=\"396\" srcset=\"http:\/\/gradadigital.com\/home\/wp-content\/uploads\/2014\/10\/jhon_chancellor_lara_10102014.jpg 682w, http:\/\/gradadigital.com\/home\/wp-content\/uploads\/2014\/10\/jhon_chancellor_lara_10102014-300x174.jpg 300w\" sizes=\"auto, (max-width: 682px) 100vw, 682px\" \/><\/p>\n<p style=\"text-align: justify;\"><strong>Prensa Deportivo Larfa, Lcdo. Ram\u00f3n Medina &#8211;<\/strong>\u00a0Los rojinegros se mantienen entrenando en los diferentes escenarios del estado, para ponerse a tono en lo que ser\u00e1 el venidero compromiso ante Deportivo Petare a realizarse el 19 de octubre en el Estadio Metropolitano por la fecha 10 del Torneo Apertura 2014.<\/p>\n<p style=\"text-align: justify;\">En estos d\u00edas de Fecha FIFA, la plantilla que comanda Rafael Dudamel no quiere perder tiempo y se mantiene entrenando en las diferentes canchas de Barquisimeto y Cabudare para no solo fortalecerse en lo t\u00e9cnico-t\u00e1ctico sino tambi\u00e9n en lo mental.<\/p>\n<p style=\"text-align: justify;\">El zaguero Jhon Chancellor, quien ha sido uno de los jugadores que m\u00e1s minutos a tenido en este semestre con 697 en su haber, fue breve al salir del entrenamiento comentando lo que se debe mejorar para los siguientes compromisos.<\/p>\n<p style=\"text-align: justify;\">\u201cHemos enfrentado partidos donde no hemos podido lograr lo que hemos querido, ganar, a pesar de haber jugado bien, pero en cada partido vamos entendi\u00e9ndonos m\u00e1s, orden\u00e1ndonos m\u00e1s, por las bandas por el medio, en la defensa, estamos mejorando en cada partido.\u201d Apunt\u00f3 el ex Mineros de Guayana.<\/p>\n<p style=\"text-align: justify;\">Cuestionado sobre c\u00f3mo ser\u00e1 el conjunto despu\u00e9s de estos d\u00edas sin f\u00fatbol pero de fuerte entrenamiento, apunt\u00f3. \u201cCreo que tendremos un equipo muy renovado, debemos descansar y olvidar todo lo malo, corregirlo y enfrentar la mitad del torneo como un nuevo comienzo, no debemos perder m\u00e1s.\u201d<\/p>\n<p style=\"text-align: justify;\">\u201cDebemos ganar para montarnos arriba que es lo que queremos, debemos tomar estos d\u00edas para hacernos fuertes f\u00edsicamente y mentalmente.\u201d Considera el defensor central como las prioridades en la recuperaci\u00f3n que tendr\u00e1 el equipo en estos d\u00edas.<\/p>\n<p style=\"text-align: justify;\">\u00bfQu\u00e9 desechas del semestre anterior y con qu\u00e9 te quedas? \u201cDebemos desechar y olvidar esos goles que nos han hecho, errores puntuales t\u00e1cticos que nos ha costado puntos y queremos mejorar, debemos tener mejor ordenamiento ofensivo y defensivo, con pelota y sin pelota.\u201d<\/p>\n<p style=\"text-align: justify;\">\u201cSe trata de olvidar detalles malos que hemos tenido en partidos anteriores, en lo personal me quedo con las oportunidades de gol que hemos concretado y ver la importancia de marcar en jugadas a bal\u00f3n parado.\u201d Finaliz\u00f3 quien marc\u00f3 ante su ex equipo en la fecha 7 del apertura.<\/p>\n","protected":false},"excerpt":{"rendered":"<p>Prensa Deportivo Larfa, Lcdo. Ram\u00f3n Medina &#8211;\u00a0Los rojinegros se mantienen entrenando en los diferentes escenarios del estado, para ponerse a tono en lo que ser\u00e1 el venidero compromiso ante Deportivo Petare a realizarse el 19 de octubre en el Estadio Metropolitano por la fecha 10 del Torneo Apertura 2014. En estos d\u00edas de Fecha FIFA, &#8230;<\/p>\n","protected":false},"author":4,"featured_media":15302,"comment_status":"closed","ping_status":"closed","sticky":false,"template":"","format":"standard","meta":{"footnotes":""},"categories":[752,8,5,31],"tags":[],"class_list":["post-15301","post","type-post","status-publish","format-standard","has-post-thumbnail","hentry","category-appgd","category-cd-lara","category-futbol-nacional","category-primera-division"],"_links":{"self":[{"href":"http:\/\/gradadigital.com\/home\/wp-json\/wp\/v2\/posts\/15301","targetHints":{"allow":["GET"]}}],"collection":[{"href":"http:\/\/gradadigital.com\/home\/wp-json\/wp\/v2\/posts"}],"about":[{"href":"http:\/\/gradadigital.com\/home\/wp-json\/wp\/v2\/types\/post"}],"author":[{"embeddable":true,"href":"http:\/\/gradadigital.com\/home\/wp-json\/wp\/v2\/users\/4"}],"replies":[{"embeddable":true,"href":"http:\/\/gradadigital.com\/home\/wp-json\/wp\/v2\/comments?post=15301"}],"version-history":[{"count":1,"href":"http:\/\/gradadigital.com\/home\/wp-json\/wp\/v2\/posts\/15301\/revisions"}],"predecessor-version":[{"id":15303,"href":"http:\/\/gradadigital.com\/home\/wp-json\/wp\/v2\/posts\/15301\/revisions\/15303"}],"wp:featuredmedia":[{"embeddable":true,"href":"http:\/\/gradadigital.com\/home\/wp-json\/wp\/v2\/media\/15302"}],"wp:attachment":[{"href":"http:\/\/gradadigital.com\/home\/wp-json\/wp\/v2\/media?parent=15301"}],"wp:term":[{"taxonomy":"category","embeddable":true,"href":"http:\/\/gradadigital.com\/home\/wp-json\/wp\/v2\/categories?post=15301"},{"taxonomy":"post_tag","embeddable":true,"href":"http:\/\/gradadigital.com\/home\/wp-json\/wp\/v2\/tags?post=15301"}],"curies":[{"name":"wp","href":"https:\/\/api.w.org\/{rel}","templated":true}]}}