{"id":15211,"date":"2014-09-28T22:45:52","date_gmt":"2014-09-29T03:15:52","guid":{"rendered":"http:\/\/gradadigital.com\/home\/?p=15211"},"modified":"2014-09-29T23:06:44","modified_gmt":"2014-09-30T03:36:44","slug":"aragua-goleo-al-lara","status":"publish","type":"post","link":"http:\/\/gradadigital.com\/home\/aragua-goleo-al-lara\/","title":{"rendered":"Aragua gole\u00f3 al Lara"},"content":{"rendered":"<p style=\"text-align: center;\"><a href=\"http:\/\/gradadigital.com\/home\/wp-content\/uploads\/2014\/09\/jesus_lugo_aragua_lara_28092014.jpg\"><img loading=\"lazy\" decoding=\"async\" class=\"alignnone size-full wp-image-15212\" src=\"http:\/\/gradadigital.com\/home\/wp-content\/uploads\/2014\/09\/jesus_lugo_aragua_lara_28092014.jpg\" alt=\"jesus_lugo_aragua_lara_28092014\" width=\"682\" height=\"396\" srcset=\"http:\/\/gradadigital.com\/home\/wp-content\/uploads\/2014\/09\/jesus_lugo_aragua_lara_28092014.jpg 682w, http:\/\/gradadigital.com\/home\/wp-content\/uploads\/2014\/09\/jesus_lugo_aragua_lara_28092014-300x174.jpg 300w\" sizes=\"auto, (max-width: 682px) 100vw, 682px\" \/><\/a><\/p>\n<p style=\"text-align: justify;\"><strong><span lang=\"ES\">Luis Bandres \/ Prensa Aragua F\u00fatbol Club &#8211;\u00a0<\/span><\/strong>El estadio Hermanos Ghersi P\u00e1ez de Maracay fue el escenario que alberg\u00f3 la octava jornada del Torneo Apertura 2014, en donde el Aragua FC recib\u00eda la visita del Club Deportivo Lara. Para dicho compromiso, el plantel \u201caurirrojo\u201d llegaba con la misi\u00f3n de hacer respetar su casa y repetir lo obtenido en la sexta fecha.<\/p>\n<p style=\"text-align: justify;\">El partido iniciaba con la incorporaci\u00f3n de Jes\u00fas \u201cChuto\u201d Lugo y el colombiano Jarl\u00edn Quintero en el once titular arag\u00fce\u00f1o, ambos jugadores se hab\u00edan perdido par de jornadas por molestias f\u00edsicas. Desde el arranque, el club de la \u201cciudad jard\u00edn\u201d mostraba un intenso accionar ofensivo que rindi\u00f3 frutos a tan solo quince minutos de juego, cuando el capit\u00e1n Jaime Bustamante recogi\u00f3 un bal\u00f3n rifado en el \u00e1rea penal luego de un saque de esquina que pudo convertir en gol. Tras adelantarse en el marcador, los dirigidos por Manuel Plasencia mantuvieron un notable orden el medio sector del campo y en la l\u00ednea defensiva, motivo por el cual el club \u201crojinegro\u201d no pudo realizar ninguna acci\u00f3n de peligro hasta la fracci\u00f3n 34, cuando Armando Maita remat\u00f3 de pierna derecha pero el guardameta Jean Carlos Issa contuvo de manera satisfactoria.<\/p>\n<p style=\"text-align: justify;\">Luego de finalizar la primera mitad, el \u00e1rbitro Juan Soto expuls\u00f3 a Manuel Plasencia y Rafael Dudamel en la zona mixta, rumbo a los camerinos por reclamos a la terna arbitral por parte de ambos estrategas.<\/p>\n<p style=\"text-align: justify;\">El Aragua FC sal\u00eda a la etapa complementaria con un juego ofensivo temible que pasaba por los pies de jugadores como N\u00e9stor Bareiro, Gustavo Rojas y Jes\u00fas Lugo, este \u00faltimo se rencontrar\u00eda con el gol al minuto 64 tras evadir al portero David Gonz\u00e1lez y rematar con el arco solo. \u201cChuto\u201d no marcaba desde el pasado 11 de mayo, en esa oportunidad le convirti\u00f3 al Deportivo T\u00e1chira en Pueblo Nuevo. Posteriormente, Plasencia desde las gradas del estadio Hermanos Ghersi P\u00e1ez daba indicaciones al cuerpo t\u00e9cnico para darle ingreso a Hermes Palomino, quien con tan solo 16 minutos en cancha factur\u00f3 el 3&#215;0 definitivo, impactando de pierna derecha un bal\u00f3n en el \u00e1rea rival.<\/p>\n<p style=\"text-align: justify;\">De esta manera el plantel arag\u00fce\u00f1o consigue su segunda victoria del torneo e incrementa la lista de jugadores que han convertido gol, sumando a Jaime Bustamante, Jes\u00fas Lugo y Hermes Palomino. As\u00ed pues, el pr\u00f3ximo compromiso del Aragua F\u00fatbol Club ser\u00e1 este venidero mi\u00e9rcoles 1 de octubre a las 7 PM ante el Carabobo FC por Copa Venezuela, partido de vuelta correspondiente a octavos de final, donde el club \u201caurirrojo\u201d buscar\u00e1 revertir en casa el marcador adverso de 1&#215;0 en el estadio Misael Delgado de Valencia.<\/p>\n<div style=\"text-align: center;\"><iframe loading=\"lazy\" src=\"http:\/\/gradadigital.com\/datafactory\/html\/venezuela\/ficha203666.html\" width=\"702\" height=\"1030\" frameborder=\"0\" marginwidth=\"0\" marginheight=\"0\" scrolling=\"no\"><\/iframe><\/div>\n","protected":false},"excerpt":{"rendered":"<p>Luis Bandres \/ Prensa Aragua F\u00fatbol Club &#8211;\u00a0El estadio Hermanos Ghersi P\u00e1ez de Maracay fue el escenario que alberg\u00f3 la octava jornada del Torneo Apertura 2014, en donde el Aragua FC recib\u00eda la visita del Club Deportivo Lara. Para dicho compromiso, el plantel \u201caurirrojo\u201d llegaba con la misi\u00f3n de hacer respetar su casa y repetir &#8230;<\/p>\n","protected":false},"author":4,"featured_media":15212,"comment_status":"closed","ping_status":"closed","sticky":false,"template":"","format":"standard","meta":{"footnotes":""},"categories":[752,6,8,5,31],"tags":[],"class_list":["post-15211","post","type-post","status-publish","format-standard","has-post-thumbnail","hentry","category-appgd","category-aragua-fc","category-cd-lara","category-futbol-nacional","category-primera-division"],"_links":{"self":[{"href":"http:\/\/gradadigital.com\/home\/wp-json\/wp\/v2\/posts\/15211","targetHints":{"allow":["GET"]}}],"collection":[{"href":"http:\/\/gradadigital.com\/home\/wp-json\/wp\/v2\/posts"}],"about":[{"href":"http:\/\/gradadigital.com\/home\/wp-json\/wp\/v2\/types\/post"}],"author":[{"embeddable":true,"href":"http:\/\/gradadigital.com\/home\/wp-json\/wp\/v2\/users\/4"}],"replies":[{"embeddable":true,"href":"http:\/\/gradadigital.com\/home\/wp-json\/wp\/v2\/comments?post=15211"}],"version-history":[{"count":2,"href":"http:\/\/gradadigital.com\/home\/wp-json\/wp\/v2\/posts\/15211\/revisions"}],"predecessor-version":[{"id":15214,"href":"http:\/\/gradadigital.com\/home\/wp-json\/wp\/v2\/posts\/15211\/revisions\/15214"}],"wp:featuredmedia":[{"embeddable":true,"href":"http:\/\/gradadigital.com\/home\/wp-json\/wp\/v2\/media\/15212"}],"wp:attachment":[{"href":"http:\/\/gradadigital.com\/home\/wp-json\/wp\/v2\/media?parent=15211"}],"wp:term":[{"taxonomy":"category","embeddable":true,"href":"http:\/\/gradadigital.com\/home\/wp-json\/wp\/v2\/categories?post=15211"},{"taxonomy":"post_tag","embeddable":true,"href":"http:\/\/gradadigital.com\/home\/wp-json\/wp\/v2\/tags?post=15211"}],"curies":[{"name":"wp","href":"https:\/\/api.w.org\/{rel}","templated":true}]}}