{"id":15027,"date":"2014-09-14T22:43:18","date_gmt":"2014-09-15T03:13:18","guid":{"rendered":"http:\/\/gradadigital.com\/home\/?p=15027"},"modified":"2014-09-14T22:43:18","modified_gmt":"2014-09-15T03:13:18","slug":"anzoategui-hizo-un-festin-de-goles","status":"publish","type":"post","link":"http:\/\/gradadigital.com\/home\/anzoategui-hizo-un-festin-de-goles\/","title":{"rendered":"Anzo\u00e1tegui hizo un fest\u00edn de goles"},"content":{"rendered":"<p style=\"text-align: center;\"><img loading=\"lazy\" decoding=\"async\" class=\"alignnone size-full wp-image-15028\" src=\"http:\/\/gradadigital.com\/home\/wp-content\/uploads\/2014\/09\/anzoategui_llaneros_14092014.jpg\" alt=\"anzoategui_llaneros_14092014\" width=\"682\" height=\"396\" srcset=\"http:\/\/gradadigital.com\/home\/wp-content\/uploads\/2014\/09\/anzoategui_llaneros_14092014.jpg 682w, http:\/\/gradadigital.com\/home\/wp-content\/uploads\/2014\/09\/anzoategui_llaneros_14092014-300x174.jpg 300w\" sizes=\"auto, (max-width: 682px) 100vw, 682px\" \/><\/p>\n<p style=\"text-align: justify;\"><strong>Luis E. D\u00edaz\/Prensa DANZ.-\u00a0<\/strong> El Deportivo Anzo\u00e1tegui cumpli\u00f3 con el objetivo, tras golear con autoridad a Llaneros de Guanare por cinco goles a cero, en el Estadio Jos\u00e9 Antonio Anzo\u00e1tegui de Puerto la Cruz, por la jornada 5 del torneo Apertura del futbol venezolano.<\/p>\n<p style=\"text-align: justify;\">Los insignes guerreros salieron desde el arranque con la intenci\u00f3n de buscar ocasiones y generar ocasiones de peligro. Apenas a los 8\u00b4 minutos de juego, despu\u00e9s de un centro de Evelio Hern\u00e1ndez, Edwin Aguilar con una jugada individual dentro del \u00e1rea coloc\u00f3 el primero para los aurirrojos.<\/p>\n<p style=\"text-align: justify;\">El DANZ segu\u00eda con las ocasiones, al 23\u00b4 el \u201cRat\u00f3n\u201d, Evelio Hern\u00e1ndez remat\u00f3 tras un tiro libre directo que logr\u00f3 despejar el arquero Bassano.<\/p>\n<p style=\"text-align: justify;\">Al minuto 34\u00b4, David Moreno mand\u00f3 un centro por la banda derecha, que no logr\u00f3 alcanzar Edwin Aguilar, pero si llego el central William D\u00edaz\u00a0 para colocar el 2-0 del encuentro.<\/p>\n<p style=\"text-align: justify;\">Siete minutos m\u00e1s tarde, el delantero Manuel Arteaga percat\u00f3 que el guardameta visitante estaba adelantado, fue entonces cuando mand\u00f3 un remate de sombrero al borde del \u00e1rea pero peg\u00f3 en el travesa\u00f1o, Evelio Hern\u00e1ndez alcanz\u00f3 el rebote y mand\u00f3 la pelota al fondo de las redes para colocar el 3-0. Finalizando la primera mitad con ventaja m\u00e1s que favorable al conjunto oriental.<\/p>\n<p style=\"text-align: justify;\">En la segunda mitad, los aurirrojos salieron con las mismas ganas de encarar el arco rival y seguir generando ocasiones de peligro.<\/p>\n<p style=\"text-align: justify;\">Al minuto 61, en un contragolpe del conjunto verdiazul, Charles Mart\u00ednez quien hab\u00eda ingresado minutos antes tuvo el chance para el descuento, sin embargo el remate cruzado del atacante pego en el poste derecho.<\/p>\n<p style=\"text-align: justify;\">En el 70` llegar\u00eda el cuarto gol aurirrojo, despu\u00e9s de un remate cruzado de Manuel Arteaga, tras un centro de Ricardo Martins.<\/p>\n<p style=\"text-align: justify;\">Tres minutos m\u00e1s tarde Aguilar tuvo la oportunidad de adjudicarse su segundo tanto en el encuentro, tras un remate que despej\u00f3 con los pu\u00f1os el guardameta visitante.<\/p>\n<p style=\"text-align: justify;\">A diez minutos para el final, el volante Ricardo Martins mand\u00f3 un potente remate desde casi 40 metros que nada pudo hacer el arquero Bassano y coloc\u00f3 el quinto gol para el conjunto aurirrojo. Siendo este tanto uno de los mejores de la temporada hasta la fecha.<\/p>\n<p style=\"text-align: justify;\">El principal tras tres minutos de reposici\u00f3n, decreto el final del partido con victoria m\u00e1s que merecida para el conjunto dirigido por Ruberth Mor\u00e1n.<\/p>\n<p style=\"text-align: justify;\">El DANZ trabajar\u00e1 esta semana en el Salvador de la Plaza de Puerto La Cruz para lo que ser\u00e1 su visita en la ciudad de Acarigua cuando visite a Portuguesa FC por la sexta fecha del torneo local.<\/p>\n<div style=\"text-align: center;\"><iframe loading=\"lazy\" src=\"http:\/\/gradadigital.com\/datafactory\/html\/venezuela\/ficha203644.html\" width=\"702\" height=\"1030\" frameborder=\"0\" marginwidth=\"0\" marginheight=\"0\" scrolling=\"no\"><\/iframe><\/div>\n","protected":false},"excerpt":{"rendered":"<p>Luis E. D\u00edaz\/Prensa DANZ.-\u00a0 El Deportivo Anzo\u00e1tegui cumpli\u00f3 con el objetivo, tras golear con autoridad a Llaneros de Guanare por cinco goles a cero, en el Estadio Jos\u00e9 Antonio Anzo\u00e1tegui de Puerto la Cruz, por la jornada 5 del torneo Apertura del futbol venezolano. Los insignes guerreros salieron desde el arranque con la intenci\u00f3n de &#8230;<\/p>\n","protected":false},"author":4,"featured_media":0,"comment_status":"closed","ping_status":"closed","sticky":false,"template":"","format":"standard","meta":{"footnotes":""},"categories":[752,10,5,14,31],"tags":[],"class_list":["post-15027","post","type-post","status-publish","format-standard","hentry","category-appgd","category-deportivo-anzoategui","category-futbol-nacional","category-llaneros-fc","category-primera-division"],"_links":{"self":[{"href":"http:\/\/gradadigital.com\/home\/wp-json\/wp\/v2\/posts\/15027","targetHints":{"allow":["GET"]}}],"collection":[{"href":"http:\/\/gradadigital.com\/home\/wp-json\/wp\/v2\/posts"}],"about":[{"href":"http:\/\/gradadigital.com\/home\/wp-json\/wp\/v2\/types\/post"}],"author":[{"embeddable":true,"href":"http:\/\/gradadigital.com\/home\/wp-json\/wp\/v2\/users\/4"}],"replies":[{"embeddable":true,"href":"http:\/\/gradadigital.com\/home\/wp-json\/wp\/v2\/comments?post=15027"}],"version-history":[{"count":1,"href":"http:\/\/gradadigital.com\/home\/wp-json\/wp\/v2\/posts\/15027\/revisions"}],"predecessor-version":[{"id":15029,"href":"http:\/\/gradadigital.com\/home\/wp-json\/wp\/v2\/posts\/15027\/revisions\/15029"}],"wp:attachment":[{"href":"http:\/\/gradadigital.com\/home\/wp-json\/wp\/v2\/media?parent=15027"}],"wp:term":[{"taxonomy":"category","embeddable":true,"href":"http:\/\/gradadigital.com\/home\/wp-json\/wp\/v2\/categories?post=15027"},{"taxonomy":"post_tag","embeddable":true,"href":"http:\/\/gradadigital.com\/home\/wp-json\/wp\/v2\/tags?post=15027"}],"curies":[{"name":"wp","href":"https:\/\/api.w.org\/{rel}","templated":true}]}}