{"id":1494,"date":"2013-06-17T01:25:14","date_gmt":"2013-06-17T05:55:14","guid":{"rendered":"http:\/\/gradadigital.com\/home\/?p=1494"},"modified":"2013-06-17T01:35:30","modified_gmt":"2013-06-17T06:05:30","slug":"total-porteros-premio-a-alain-baroja-noel-sanvicente-y-alvaro-forero","status":"publish","type":"post","link":"http:\/\/gradadigital.com\/home\/total-porteros-premio-a-alain-baroja-noel-sanvicente-y-alvaro-forero\/","title":{"rendered":"\u00abTotal Porteros\u00bb premi\u00f3 a Alain Baroja, Noel Sanvicente y Alvaro Forero"},"content":{"rendered":"<p style=\"text-align: center;\"><img loading=\"lazy\" decoding=\"async\" class=\"alignnone\" alt=\"\" src=\"http:\/\/gradadigital.com\/home\/wp-content\/uploads\/2013\/06\/total_porteros_alain_baroja_17062013.jpg\" width=\"596\" height=\"346\" \/><\/p>\n<p style=\"text-align: justify;\"><strong>Prensa &#8211;<\/strong> Una vez m\u00e1s Total Porteros, el 1er centro de formaci\u00f3n de porteros de futbol en Venezuela, se viste de Gala para\u00a0 homenajear \u00a0y\u00a0 reconocer, \u00a0por tercer a\u00f1o consecutivo, con mucho orgullo y satisfacci\u00f3n a quienes con su esfuerzo y empe\u00f1o \u00a0hacen del \u00a0Futbol \u00a0un estilo de vida, el cual se \u00a0evidencia en el \u00f3ptimo desempe\u00f1o que alcanzan.<\/p>\n<p style=\"text-align: justify;\">Por ello, este a\u00f1o se otorga el \u201cPremio Total Porteros\u201d del torneo de Primera Divisi\u00f3n 2012 \u2013 2013, al Portero del Caracas F.C. Alain Baroja quien a pesar de su lesi\u00f3n, fue part\u00edcipe \u00a0de la mayor\u00eda de minutos y partidos disputados, y fue la Meta Menos Goleada.<\/p>\n<p style=\"text-align: justify;\">Cabe destacar, en el mismo orden de importancia que se hizo entrega de\u00a0 reconocimiento a dos emblem\u00e1ticos integrantes del Campe\u00f3n Absoluto de la Temporada 2012 -2013, \u00a0el Zamora F.C., al T\u00e9cnico Multicampe\u00f3n Noel \u201cChita\u201d Sanvicente y al portero campe\u00f3n Alvaro Forero.<\/p>\n<p style=\"text-align: justify;\">En esta gala se dieron cita y recibieron su merecido reconocimiento, personajes activos de diferentes generaciones del Futbol Nacional, \u00a0Daniel Nikolac, Jose \u201cCheo\u201dFasiana, y tres porteros egresados de este 1er Centro de Formaci\u00f3n quienes a su corta edad ya han debutado en el F\u00fatbol profesional Luis Lugo ( Real Esppor) \u00a0y del \u00a0Deportivo Petare Giancarlo Schiavone y Michel Cofrades.<\/p>\n<p style=\"text-align: justify;\">Para cerrar, nuestros invitados y equipo directivo de la organizaci\u00f3n se hicieron entrega de reconocimientos a los Medios de Comunicaci\u00f3n y Periodistas por su valiosa labor, a los m\u00e1s de 80 alumnos, j\u00f3venes relevos que hacen vida en este centro, as\u00ed como a los padres y representantes de los mismos que con su apoyo valioso los a\u00fapan para perseguir sus sue\u00f1os.<\/p>\n","protected":false},"excerpt":{"rendered":"<p>Prensa &#8211; Una vez m\u00e1s Total Porteros, el 1er centro de formaci\u00f3n de porteros de futbol en Venezuela, se viste de Gala para\u00a0 homenajear \u00a0y\u00a0 reconocer, \u00a0por tercer a\u00f1o consecutivo, con mucho orgullo y satisfacci\u00f3n a quienes con su esfuerzo y empe\u00f1o \u00a0hacen del \u00a0Futbol \u00a0un estilo de vida, el cual se \u00a0evidencia en el &#8230;<\/p>\n","protected":false},"author":4,"featured_media":1502,"comment_status":"closed","ping_status":"closed","sticky":false,"template":"","format":"standard","meta":{"footnotes":""},"categories":[32,9,5,31,21],"tags":[],"class_list":["post-1494","post","type-post","status-publish","format-standard","has-post-thumbnail","hentry","category-especial","category-caracas-fc","category-futbol-nacional","category-primera-division","category-zamora-fc"],"_links":{"self":[{"href":"http:\/\/gradadigital.com\/home\/wp-json\/wp\/v2\/posts\/1494","targetHints":{"allow":["GET"]}}],"collection":[{"href":"http:\/\/gradadigital.com\/home\/wp-json\/wp\/v2\/posts"}],"about":[{"href":"http:\/\/gradadigital.com\/home\/wp-json\/wp\/v2\/types\/post"}],"author":[{"embeddable":true,"href":"http:\/\/gradadigital.com\/home\/wp-json\/wp\/v2\/users\/4"}],"replies":[{"embeddable":true,"href":"http:\/\/gradadigital.com\/home\/wp-json\/wp\/v2\/comments?post=1494"}],"version-history":[{"count":4,"href":"http:\/\/gradadigital.com\/home\/wp-json\/wp\/v2\/posts\/1494\/revisions"}],"predecessor-version":[{"id":1496,"href":"http:\/\/gradadigital.com\/home\/wp-json\/wp\/v2\/posts\/1494\/revisions\/1496"}],"wp:featuredmedia":[{"embeddable":true,"href":"http:\/\/gradadigital.com\/home\/wp-json\/wp\/v2\/media\/1502"}],"wp:attachment":[{"href":"http:\/\/gradadigital.com\/home\/wp-json\/wp\/v2\/media?parent=1494"}],"wp:term":[{"taxonomy":"category","embeddable":true,"href":"http:\/\/gradadigital.com\/home\/wp-json\/wp\/v2\/categories?post=1494"},{"taxonomy":"post_tag","embeddable":true,"href":"http:\/\/gradadigital.com\/home\/wp-json\/wp\/v2\/tags?post=1494"}],"curies":[{"name":"wp","href":"https:\/\/api.w.org\/{rel}","templated":true}]}}