{"id":14859,"date":"2014-09-05T14:03:43","date_gmt":"2014-09-05T18:33:43","guid":{"rendered":"http:\/\/gradadigital.com\/home\/?p=14859"},"modified":"2014-09-05T14:04:45","modified_gmt":"2014-09-05T18:34:45","slug":"sanvicente-ahora-hay-que-mejorar-lo-que-se-debe-y-salir-a-buscar-la-fortaleza-que-necesitamos","status":"publish","type":"post","link":"http:\/\/gradadigital.com\/home\/sanvicente-ahora-hay-que-mejorar-lo-que-se-debe-y-salir-a-buscar-la-fortaleza-que-necesitamos\/","title":{"rendered":"Sanvicente: \u00abAhora hay que mejorar lo que se debe y salir a buscar la fortaleza que necesitamos\u00bb"},"content":{"rendered":"<p style=\"text-align: center;\"><a href=\"http:\/\/gradadigital.com\/home\/wp-content\/uploads\/2014\/09\/noel_Sanvicente_coreadelsur_venezuela_05092014.jpg\"><img loading=\"lazy\" decoding=\"async\" class=\"alignnone size-full wp-image-14857\" src=\"http:\/\/gradadigital.com\/home\/wp-content\/uploads\/2014\/09\/noel_Sanvicente_coreadelsur_venezuela_05092014.jpg\" alt=\"noel_Sanvicente_coreadelsur_venezuela_05092014\" width=\"682\" height=\"396\" srcset=\"http:\/\/gradadigital.com\/home\/wp-content\/uploads\/2014\/09\/noel_Sanvicente_coreadelsur_venezuela_05092014.jpg 682w, http:\/\/gradadigital.com\/home\/wp-content\/uploads\/2014\/09\/noel_Sanvicente_coreadelsur_venezuela_05092014-300x174.jpg 300w\" sizes=\"auto, (max-width: 682px) 100vw, 682px\" \/><\/a><\/p>\n<p style=\"text-align: justify;\"><strong>Prensa FVF\u00a0&#8211;\u00a0<\/strong>Para el director t\u00e9cnico venezolano Venezuela mereci\u00f3 m\u00e1s en su debut frente al combinado Vinotinto \u201cpero las p\u00e9rdidas de balones fueron determinantes porque al final lo que importa es quien haga el gol\u201d, expuso en conferencia de prensa.<\/p>\n<p style=\"text-align: justify;\">\u201cNos desordenamos; en el primer tiempo hubo m\u00e1s para Venezuela como la ocasi\u00f3n de Salom\u00f3n solo frente al arquero pero no pudo definir\u201d, puntualiz\u00f3<\/p>\n<p style=\"text-align: justify;\">Record\u00f3 que la lesi\u00f3n de Rafael Acosta (ruptura del gemelo derecho) le impidi\u00f3 alinear desde el principio, pero que Edgar Jim\u00e9nez tomo su lugar y lo hizo bien. \u201cCorea del Sur aplic\u00f3 su velocidad y explot\u00f3 los errores nuestros\u201d, abund\u00f3.<\/p>\n<p style=\"text-align: justify;\">\u201cViene el partido con Jap\u00f3n, ahora hay que mejorar lo que se debe y salir a buscar la fortaleza que necesitamos para avanzar en este proceso que se inicia\u201d, remat\u00f3.<\/p>\n","protected":false},"excerpt":{"rendered":"<p>Prensa FVF\u00a0&#8211;\u00a0Para el director t\u00e9cnico venezolano Venezuela mereci\u00f3 m\u00e1s en su debut frente al combinado Vinotinto \u201cpero las p\u00e9rdidas de balones fueron determinantes porque al final lo que importa es quien haga el gol\u201d, expuso en conferencia de prensa. \u201cNos desordenamos; en el primer tiempo hubo m\u00e1s para Venezuela como la ocasi\u00f3n de Salom\u00f3n solo &#8230;<\/p>\n","protected":false},"author":4,"featured_media":14857,"comment_status":"closed","ping_status":"closed","sticky":false,"template":"","format":"standard","meta":{"footnotes":""},"categories":[752,36,40,3],"tags":[],"class_list":["post-14859","post","type-post","status-publish","format-standard","has-post-thumbnail","hentry","category-appgd","category-internacional","category-seleccion-nacional-mayores","category-seleccion-nacional"],"_links":{"self":[{"href":"http:\/\/gradadigital.com\/home\/wp-json\/wp\/v2\/posts\/14859","targetHints":{"allow":["GET"]}}],"collection":[{"href":"http:\/\/gradadigital.com\/home\/wp-json\/wp\/v2\/posts"}],"about":[{"href":"http:\/\/gradadigital.com\/home\/wp-json\/wp\/v2\/types\/post"}],"author":[{"embeddable":true,"href":"http:\/\/gradadigital.com\/home\/wp-json\/wp\/v2\/users\/4"}],"replies":[{"embeddable":true,"href":"http:\/\/gradadigital.com\/home\/wp-json\/wp\/v2\/comments?post=14859"}],"version-history":[{"count":2,"href":"http:\/\/gradadigital.com\/home\/wp-json\/wp\/v2\/posts\/14859\/revisions"}],"predecessor-version":[{"id":14861,"href":"http:\/\/gradadigital.com\/home\/wp-json\/wp\/v2\/posts\/14859\/revisions\/14861"}],"wp:featuredmedia":[{"embeddable":true,"href":"http:\/\/gradadigital.com\/home\/wp-json\/wp\/v2\/media\/14857"}],"wp:attachment":[{"href":"http:\/\/gradadigital.com\/home\/wp-json\/wp\/v2\/media?parent=14859"}],"wp:term":[{"taxonomy":"category","embeddable":true,"href":"http:\/\/gradadigital.com\/home\/wp-json\/wp\/v2\/categories?post=14859"},{"taxonomy":"post_tag","embeddable":true,"href":"http:\/\/gradadigital.com\/home\/wp-json\/wp\/v2\/tags?post=14859"}],"curies":[{"name":"wp","href":"https:\/\/api.w.org\/{rel}","templated":true}]}}