{"id":14805,"date":"2014-09-03T19:10:21","date_gmt":"2014-09-03T23:40:21","guid":{"rendered":"http:\/\/gradadigital.com\/home\/?p=14805"},"modified":"2014-09-03T19:10:21","modified_gmt":"2014-09-03T23:40:21","slug":"jimenez-es-un-momento-que-espere-desde-hace-mucho-tiempo","status":"publish","type":"post","link":"http:\/\/gradadigital.com\/home\/jimenez-es-un-momento-que-espere-desde-hace-mucho-tiempo\/","title":{"rendered":"Jim\u00e9nez: \u00abEs un momento que esper\u00e9 desde hace mucho tiempo\u00bb"},"content":{"rendered":"<p style=\"text-align: center;\"><img loading=\"lazy\" decoding=\"async\" class=\"alignnone size-full wp-image-14716\" src=\"http:\/\/gradadigital.com\/home\/wp-content\/uploads\/2014\/08\/edgar_jimenez_entrenamiento_venezuela_29082014.jpg\" alt=\"edgar_jimenez_entrenamiento_venezuela_29082014\" width=\"682\" height=\"396\" srcset=\"http:\/\/gradadigital.com\/home\/wp-content\/uploads\/2014\/08\/edgar_jimenez_entrenamiento_venezuela_29082014.jpg 682w, http:\/\/gradadigital.com\/home\/wp-content\/uploads\/2014\/08\/edgar_jimenez_entrenamiento_venezuela_29082014-300x174.jpg 300w\" sizes=\"auto, (max-width: 682px) 100vw, 682px\" \/><\/p>\n<p style=\"text-align: justify;\"><strong>Miguel Vallenilla &#8211;<\/strong> Lo ansiaba y lo ha ganado. Edgar Jim\u00e9nez ha retornado a la selecci\u00f3n nacional de Venezuela, dirigido por un viejo conocido como el estratega Noel Sanvicente. El jugador de Mineros de Guayana espera consolidarse en la selecci\u00f3n.<\/p>\n<p style=\"text-align: justify;\"><strong>\u201cTengo la oportunidad de volver a la selecci\u00f3n con un t\u00e9cnico que me conoce bien. Es un momento que esper\u00e9 desde hace mucho tiempo\u201d,<\/strong> resumi\u00f3 Jim\u00e9nez, quien fuera dirigido por Noel Sanvicente en el Caracas FC. <strong>\u201cLo primordial es que el grupo se acople a la idea del profesor. Es un cuerpo t\u00e9cnico exigente\u201d<\/strong>, agreg\u00f3.<\/p>\n<p style=\"text-align: justify;\">Jim\u00e9nez reconoce que Sanvicente pide <strong>\u201cque el equipo se mueva, que nunca se pare, que juguemos sin bal\u00f3n, que cuando salga uno entre el otro\u201d<\/strong>.<\/p>\n","protected":false},"excerpt":{"rendered":"<p>Miguel Vallenilla &#8211; Lo ansiaba y lo ha ganado. Edgar Jim\u00e9nez ha retornado a la selecci\u00f3n nacional de Venezuela, dirigido por un viejo conocido como el estratega Noel Sanvicente. El jugador de Mineros de Guayana espera consolidarse en la selecci\u00f3n. \u201cTengo la oportunidad de volver a la selecci\u00f3n con un t\u00e9cnico que me conoce bien. &#8230;<\/p>\n","protected":false},"author":4,"featured_media":14716,"comment_status":"closed","ping_status":"closed","sticky":false,"template":"","format":"standard","meta":{"footnotes":""},"categories":[752,36,15,40,3],"tags":[],"class_list":["post-14805","post","type-post","status-publish","format-standard","has-post-thumbnail","hentry","category-appgd","category-internacional","category-mineros-de-guayana","category-seleccion-nacional-mayores","category-seleccion-nacional"],"_links":{"self":[{"href":"http:\/\/gradadigital.com\/home\/wp-json\/wp\/v2\/posts\/14805","targetHints":{"allow":["GET"]}}],"collection":[{"href":"http:\/\/gradadigital.com\/home\/wp-json\/wp\/v2\/posts"}],"about":[{"href":"http:\/\/gradadigital.com\/home\/wp-json\/wp\/v2\/types\/post"}],"author":[{"embeddable":true,"href":"http:\/\/gradadigital.com\/home\/wp-json\/wp\/v2\/users\/4"}],"replies":[{"embeddable":true,"href":"http:\/\/gradadigital.com\/home\/wp-json\/wp\/v2\/comments?post=14805"}],"version-history":[{"count":1,"href":"http:\/\/gradadigital.com\/home\/wp-json\/wp\/v2\/posts\/14805\/revisions"}],"predecessor-version":[{"id":14806,"href":"http:\/\/gradadigital.com\/home\/wp-json\/wp\/v2\/posts\/14805\/revisions\/14806"}],"wp:featuredmedia":[{"embeddable":true,"href":"http:\/\/gradadigital.com\/home\/wp-json\/wp\/v2\/media\/14716"}],"wp:attachment":[{"href":"http:\/\/gradadigital.com\/home\/wp-json\/wp\/v2\/media?parent=14805"}],"wp:term":[{"taxonomy":"category","embeddable":true,"href":"http:\/\/gradadigital.com\/home\/wp-json\/wp\/v2\/categories?post=14805"},{"taxonomy":"post_tag","embeddable":true,"href":"http:\/\/gradadigital.com\/home\/wp-json\/wp\/v2\/tags?post=14805"}],"curies":[{"name":"wp","href":"https:\/\/api.w.org\/{rel}","templated":true}]}}