{"id":14682,"date":"2014-08-28T23:44:07","date_gmt":"2014-08-29T04:14:07","guid":{"rendered":"http:\/\/gradadigital.com\/home\/?p=14682"},"modified":"2014-08-28T23:44:07","modified_gmt":"2014-08-29T04:14:07","slug":"caracas-vuelve-a-respirar-nueva-fase-internacional","status":"publish","type":"post","link":"http:\/\/gradadigital.com\/home\/caracas-vuelve-a-respirar-nueva-fase-internacional\/","title":{"rendered":"Caracas vuelve a respirar nueva fase internacional"},"content":{"rendered":"<p style=\"text-align: center;\"><img loading=\"lazy\" decoding=\"async\" class=\"alignnone size-full wp-image-14686\" src=\"http:\/\/gradadigital.com\/home\/wp-content\/uploads\/2014\/08\/rubert_quijada_caracas_intigas_28082014.jpg\" alt=\"rubert_quijada_caracas_intigas_28082014\" width=\"682\" height=\"396\" srcset=\"http:\/\/gradadigital.com\/home\/wp-content\/uploads\/2014\/08\/rubert_quijada_caracas_intigas_28082014.jpg 682w, http:\/\/gradadigital.com\/home\/wp-content\/uploads\/2014\/08\/rubert_quijada_caracas_intigas_28082014-300x174.jpg 300w\" sizes=\"auto, (max-width: 682px) 100vw, 682px\" \/><\/p>\n<p style=\"text-align: justify;\"><strong>Prensa CFC.-<\/strong> Caracas F\u00fatbol Club complet\u00f3 la faena y en el Estadio Ol\u00edmpico de la UCV venci\u00f3 1 por 0 al Inti Gas Deportes de Per\u00fa (global de 2-0), en el partido de vuelta de la primera fase de la Copa Total Sudamericana.<\/p>\n<p style=\"text-align: justify;\">Caracas tard\u00f3 poco en adue\u00f1arse del partido y apenas a los seis minutos un tiro libre levantado por Miguel Mea Vitali fue conectado por Roberto Tucker, s\u00f3lo que en el camino se atraves\u00f3 Guerra para enviar al c\u00f3rner.<br \/>\nLa ventaja lleg\u00f3 en la fracci\u00f3n 11 y otra vez a bal\u00f3n parado. R\u00f3mulo Otero se encarg\u00f3 de cobrar la falta y Rubert Quijada logr\u00f3 imponerse por arriba para decretar, de cabeza, el 1-0 y as\u00ed aumentar la ventaja del rojo en la eliminatoria.<\/p>\n<p style=\"text-align: justify;\">El mon\u00f3logo se mantuvo y las situaciones de gol aparec\u00edan consecuentemente, perteneci\u00e9ndole a Otero dos de ellas gracias a remates desde fuera del \u00e1rea y que exigieron al guardameta Mario Villasanti.<\/p>\n<p style=\"text-align: justify;\">El cuadro avile\u00f1o aumentaba su volumen de juego y los volantes de primera l\u00ednea pisaban constantemente el \u00e1rea, destacando el buen funcionamiento del colectivo que logr\u00f3 arrinconar a un equipo que se limitaba a defender.<\/p>\n<p style=\"text-align: center;\"><img loading=\"lazy\" decoding=\"async\" class=\"alignnone size-full wp-image-14684\" src=\"http:\/\/gradadigital.com\/home\/wp-content\/uploads\/2014\/08\/aficion_caracas_intigas_28082014.jpg\" alt=\"aficion_caracas_intigas_28082014\" width=\"682\" height=\"396\" srcset=\"http:\/\/gradadigital.com\/home\/wp-content\/uploads\/2014\/08\/aficion_caracas_intigas_28082014.jpg 682w, http:\/\/gradadigital.com\/home\/wp-content\/uploads\/2014\/08\/aficion_caracas_intigas_28082014-300x174.jpg 300w\" sizes=\"auto, (max-width: 682px) 100vw, 682px\" \/><\/p>\n<p style=\"text-align: justify;\">El t\u00e9cnico argentino del Inti Gas realiz\u00f3 un par de modificaciones para el inicio del complemento, cambios que tampoco trastocaron su esquema original, es pocas palabras, sin arriesgar mucho m\u00e1s.<\/p>\n<p style=\"text-align: justify;\">Conforme a esto, Caracas supo manejar la ventaja y el partido se trab\u00f3 en el centro del campo con mucho roce, aumentando la cantidad de infracciones. El segundo gol estuvo cerca de caer con un testarazo de Dany Cure que golpe\u00f3 el travesa\u00f1o (min.64), y en la jugada siguiente un remate potente de Luis Gonz\u00e1lez fue contenido por los pu\u00f1os del paraguayo Villasanti.<\/p>\n<p style=\"text-align: justify;\">En la recta final, el equipo gas\u00edfero adelant\u00f3 las l\u00edneas en b\u00fasqueda del partido pero con poca claridad y las pocas insinuaciones siempre encontraron a un atento Alain Baroja, quien durante varios minutos batall\u00f3 con molestias en su mano derecha.<\/p>\n<p style=\"text-align: justify;\">De esta forma, el rojo alcanza por primera vez la segunda fase del torneo sudamericano y ahora se medir\u00e1 al conjunto paraguayo Deportivo Capiat\u00e1, eliminatoria que tendr\u00e1 su primer cap\u00edtulo en un par de semanas.<\/p>\n<p style=\"text-align: center;\"><a href=\"http:\/\/gradadigital.com\/home\/wp-content\/uploads\/2014\/08\/rubert_quijada_caracas_intigas_28082014_2.jpg\"><img loading=\"lazy\" decoding=\"async\" class=\"alignnone size-full wp-image-14685\" src=\"http:\/\/gradadigital.com\/home\/wp-content\/uploads\/2014\/08\/rubert_quijada_caracas_intigas_28082014_2.jpg\" alt=\"rubert_quijada_caracas_intigas_28082014_2\" width=\"397\" height=\"596\" srcset=\"http:\/\/gradadigital.com\/home\/wp-content\/uploads\/2014\/08\/rubert_quijada_caracas_intigas_28082014_2.jpg 397w, http:\/\/gradadigital.com\/home\/wp-content\/uploads\/2014\/08\/rubert_quijada_caracas_intigas_28082014_2-199x300.jpg 199w\" sizes=\"auto, (max-width: 397px) 100vw, 397px\" \/><\/a><\/p>\n<div style=\"text-align: center;\"><iframe loading=\"lazy\" src=\"http:\/\/gradadigital.com\/datafactory\/html\/sudamericana\/ficha200409.html\" width=\"702\" height=\"1030\" frameborder=\"0\" marginwidth=\"0\" marginheight=\"0\" scrolling=\"no\"><\/iframe><\/div>\n","protected":false},"excerpt":{"rendered":"<p>Prensa CFC.- Caracas F\u00fatbol Club complet\u00f3 la faena y en el Estadio Ol\u00edmpico de la UCV venci\u00f3 1 por 0 al Inti Gas Deportes de Per\u00fa (global de 2-0), en el partido de vuelta de la primera fase de la Copa Total Sudamericana. Caracas tard\u00f3 poco en adue\u00f1arse del partido y apenas a los seis &#8230;<\/p>\n","protected":false},"author":4,"featured_media":14686,"comment_status":"closed","ping_status":"closed","sticky":false,"template":"","format":"standard","meta":{"footnotes":""},"categories":[752,9,38,36],"tags":[],"class_list":["post-14682","post","type-post","status-publish","format-standard","has-post-thumbnail","hentry","category-appgd","category-caracas-fc","category-copa-sudamericana","category-internacional"],"_links":{"self":[{"href":"http:\/\/gradadigital.com\/home\/wp-json\/wp\/v2\/posts\/14682","targetHints":{"allow":["GET"]}}],"collection":[{"href":"http:\/\/gradadigital.com\/home\/wp-json\/wp\/v2\/posts"}],"about":[{"href":"http:\/\/gradadigital.com\/home\/wp-json\/wp\/v2\/types\/post"}],"author":[{"embeddable":true,"href":"http:\/\/gradadigital.com\/home\/wp-json\/wp\/v2\/users\/4"}],"replies":[{"embeddable":true,"href":"http:\/\/gradadigital.com\/home\/wp-json\/wp\/v2\/comments?post=14682"}],"version-history":[{"count":1,"href":"http:\/\/gradadigital.com\/home\/wp-json\/wp\/v2\/posts\/14682\/revisions"}],"predecessor-version":[{"id":14687,"href":"http:\/\/gradadigital.com\/home\/wp-json\/wp\/v2\/posts\/14682\/revisions\/14687"}],"wp:featuredmedia":[{"embeddable":true,"href":"http:\/\/gradadigital.com\/home\/wp-json\/wp\/v2\/media\/14686"}],"wp:attachment":[{"href":"http:\/\/gradadigital.com\/home\/wp-json\/wp\/v2\/media?parent=14682"}],"wp:term":[{"taxonomy":"category","embeddable":true,"href":"http:\/\/gradadigital.com\/home\/wp-json\/wp\/v2\/categories?post=14682"},{"taxonomy":"post_tag","embeddable":true,"href":"http:\/\/gradadigital.com\/home\/wp-json\/wp\/v2\/tags?post=14682"}],"curies":[{"name":"wp","href":"https:\/\/api.w.org\/{rel}","templated":true}]}}