{"id":14647,"date":"2014-08-26T22:43:57","date_gmt":"2014-08-27T03:13:57","guid":{"rendered":"http:\/\/gradadigital.com\/home\/?p=14647"},"modified":"2014-08-27T13:51:37","modified_gmt":"2014-08-27T18:21:37","slug":"tan-cerca-y-tan-lejos","status":"publish","type":"post","link":"http:\/\/gradadigital.com\/home\/tan-cerca-y-tan-lejos\/","title":{"rendered":"Tan cerca, y tan lejos"},"content":{"rendered":"<p style=\"text-align: center;\"><img loading=\"lazy\" decoding=\"async\" class=\"alignnone size-full wp-image-14650\" src=\"http:\/\/gradadigital.com\/home\/wp-content\/uploads\/2014\/08\/anzoategui_ucatolica_26082014_2.jpg\" alt=\"anzoategui_ucatolica_26082014_2\" width=\"682\" height=\"396\" srcset=\"http:\/\/gradadigital.com\/home\/wp-content\/uploads\/2014\/08\/anzoategui_ucatolica_26082014_2.jpg 682w, http:\/\/gradadigital.com\/home\/wp-content\/uploads\/2014\/08\/anzoategui_ucatolica_26082014_2-300x174.jpg 300w\" sizes=\"auto, (max-width: 682px) 100vw, 682px\" \/><\/p>\n<p style=\"text-align: justify;\"><strong>C\u00e9sar Aular\/Lu\u00eds D\u00edaz Prensa DANZ.-<\/strong> El Deportivo Anzo\u00e1tegui no pudo lograr el tan ansiado boleto a la segunda fase de la Copa Sudamericana tras caer en la tanda de penales por cinco a cuatro ante el ecuatoriano Universidad Cat\u00f3lica en un emocionante encuentro que el aurirrojo control\u00f3 casi hasta el final de los noventa minutos.<\/p>\n<p style=\"text-align: justify;\">El cuadro amarillo y rojo no se guard\u00f3 nada y desde el comienzo atac\u00f3 a su rival, apenas al minuto 5\u2019 el DANZ ya tenia la primera clara. Robert Hern\u00e1ndez encar\u00f3 por la banda derecha y sac\u00f3\u00a0 un remate que logr\u00f3 desviar el meta Galindez envi\u00e1ndola al c\u00f3rner.<\/p>\n<p style=\"text-align: justify;\">Fue el primer aviso de un cuadro local que se hac\u00eda sentir desde el arranque, Rolando Escobar un minuto m\u00e1s tarde dispar\u00f3 cruzado, pero su remate pasaba rozando el palo derecho de la porter\u00eda de la cat\u00f3lica.<\/p>\n<p style=\"text-align: justify;\">El encuentro era todo del aurirrojo que daba respiro a su rival, pero el gol segu\u00eda sin llegar. Manuel Arteaga cont\u00f3 con otra ocasi\u00f3n para al Anzo\u00e1tegui\u00a0 al 30\u2019 que termin\u00f3 estrellando en el pecho del guardameta Galindez, que ya se iba convirtiendo en figura.<\/p>\n<p style=\"text-align: justify;\">Al minuto 32\u2019 llegaba finalmente el gol del aurirrojo, en una gran jugada de Evelio Hern\u00e1ndez por el sector derecho de la cancha desde donde pudo sacar un centro certero que Rolando Escobar logr\u00f3 empujar al fondo de la red para el 1-0 que daba la ventaja en casa y dejaba aun mejor la definici\u00f3n de la llave.<\/p>\n<p style=\"text-align: justify;\">El DANZ se manten\u00eda al acech\u00f3 del arco ecuatoriano, los \u00faltimos minutos de la primera mitad. Manuel Arteaga cabece\u00f3 un centro servido de David Zalzman que el arquero de los azules despej\u00f3 a dos tiempos. Finalizando el primer tiempo con la ventaja para el DANZ.<\/p>\n<p style=\"text-align: justify;\">Para la segunda parte el cuadro oriental se mantuvo con el ritmo y dominio del partido. El ingreso de Edwin Aguilar gener\u00f3\u00a0 ocasiones claras, tanto en el minuto 68\u00b4 como en el 72\u00b4 con jugadas de mano a mano ante el arquero Galindez.<\/p>\n<p style=\"text-align: justify;\">En el minuto 84, un despiste de la saga defensiva aurirroja gener\u00f3 un penal a favor de Cat\u00f3lica. Armando Wila coloc\u00f3 el empate desde los doce pasos.<\/p>\n<p style=\"text-align: justify;\">Apenas un minuto despu\u00e9s, Evelio Hern\u00e1ndez recibi\u00f3 una falta dentro del \u00e1rea y el principal decret\u00f3 penal a favor del DANZ. El volante se encarg\u00f3 de ejecutar el disparo pero su remate fue atajado por el arquero Gal\u00edndez . manteniendo el empate y llevando la definici\u00f3n de la llave al punto penal.<\/p>\n<p style=\"text-align: justify;\">En la definici\u00f3n por penales, Evelio Hern\u00e1ndez fue el primero en ejecutar. Pero su remate peg\u00f3 en el palo izquierdo y \u00a0no pudo entrar. Aguilar, Martins y Arteaga\u00a0 y Juan Fuenmayor la mandaron al fondo de las redes, David Moreno fue el \u00faltimo de ejecutar por parte del aurirrojo pero su remate fue Atajado por Gal\u00edndez. Edixson Gonz\u00e1lez ataj\u00f3 el penal cobrado por Willa, pero no pudo ante Ugglesich y decret\u00f3 el pase del conjunto ecuatoriano a la segunda fase.<\/p>\n<p>&nbsp;<\/p>\n","protected":false},"excerpt":{"rendered":"<p>C\u00e9sar Aular\/Lu\u00eds D\u00edaz Prensa DANZ.- El Deportivo Anzo\u00e1tegui no pudo lograr el tan ansiado boleto a la segunda fase de la Copa Sudamericana tras caer en la tanda de penales por cinco a cuatro ante el ecuatoriano Universidad Cat\u00f3lica en un emocionante encuentro que el aurirrojo control\u00f3 casi hasta el final de los noventa minutos. &#8230;<\/p>\n","protected":false},"author":4,"featured_media":14650,"comment_status":"closed","ping_status":"closed","sticky":false,"template":"","format":"standard","meta":{"footnotes":""},"categories":[752,38,10,36],"tags":[],"class_list":["post-14647","post","type-post","status-publish","format-standard","has-post-thumbnail","hentry","category-appgd","category-copa-sudamericana","category-deportivo-anzoategui","category-internacional"],"_links":{"self":[{"href":"http:\/\/gradadigital.com\/home\/wp-json\/wp\/v2\/posts\/14647","targetHints":{"allow":["GET"]}}],"collection":[{"href":"http:\/\/gradadigital.com\/home\/wp-json\/wp\/v2\/posts"}],"about":[{"href":"http:\/\/gradadigital.com\/home\/wp-json\/wp\/v2\/types\/post"}],"author":[{"embeddable":true,"href":"http:\/\/gradadigital.com\/home\/wp-json\/wp\/v2\/users\/4"}],"replies":[{"embeddable":true,"href":"http:\/\/gradadigital.com\/home\/wp-json\/wp\/v2\/comments?post=14647"}],"version-history":[{"count":3,"href":"http:\/\/gradadigital.com\/home\/wp-json\/wp\/v2\/posts\/14647\/revisions"}],"predecessor-version":[{"id":14652,"href":"http:\/\/gradadigital.com\/home\/wp-json\/wp\/v2\/posts\/14647\/revisions\/14652"}],"wp:featuredmedia":[{"embeddable":true,"href":"http:\/\/gradadigital.com\/home\/wp-json\/wp\/v2\/media\/14650"}],"wp:attachment":[{"href":"http:\/\/gradadigital.com\/home\/wp-json\/wp\/v2\/media?parent=14647"}],"wp:term":[{"taxonomy":"category","embeddable":true,"href":"http:\/\/gradadigital.com\/home\/wp-json\/wp\/v2\/categories?post=14647"},{"taxonomy":"post_tag","embeddable":true,"href":"http:\/\/gradadigital.com\/home\/wp-json\/wp\/v2\/tags?post=14647"}],"curies":[{"name":"wp","href":"https:\/\/api.w.org\/{rel}","templated":true}]}}