{"id":14641,"date":"2014-08-26T16:30:21","date_gmt":"2014-08-26T21:00:21","guid":{"rendered":"http:\/\/gradadigital.com\/home\/?p=14641"},"modified":"2014-08-26T16:43:36","modified_gmt":"2014-08-26T21:13:36","slug":"la-vinotinto-ya-confirma-sus-piezas-para-la-copa-america-femenina","status":"publish","type":"post","link":"http:\/\/gradadigital.com\/home\/la-vinotinto-ya-confirma-sus-piezas-para-la-copa-america-femenina\/","title":{"rendered":"La Vinotinto ya confirma sus piezas para la Copa Am\u00e9rica Femenina"},"content":{"rendered":"<p style=\"text-align: center;\"><img loading=\"lazy\" decoding=\"async\" class=\"alignnone size-full wp-image-6147\" src=\"http:\/\/gradadigital.com\/home\/wp-content\/uploads\/2013\/10\/yusmery_ascanio_colocolo_especial_06092013_7.jpg\" alt=\"yusmery_ascanio_colocolo_especial_06092013_7\" width=\"682\" height=\"396\" srcset=\"http:\/\/gradadigital.com\/home\/wp-content\/uploads\/2013\/10\/yusmery_ascanio_colocolo_especial_06092013_7.jpg 682w, http:\/\/gradadigital.com\/home\/wp-content\/uploads\/2013\/10\/yusmery_ascanio_colocolo_especial_06092013_7-300x174.jpg 300w\" sizes=\"auto, (max-width: 682px) 100vw, 682px\" \/><\/p>\n<p style=\"text-align: justify;\"><strong>PRENSA FVF \/ CARACAS.- \u00a0<\/strong>La Selecci\u00f3n Femenina de F\u00fatbol de mayores, la Vinotinto, partir\u00e1 a Ecuador este mi\u00e9rcoles, 27 de agosto, a las 3:00 pm, para disputar la Copa Am\u00e9rica, Ecuador 2014, que se jugar\u00e1 del 11 al 28 de septiembre en las ciudades de Riobamba, Ambato y Latacunga, Loja, Cuenca y Azoguez. La oncena nacional viajar\u00e1 en un vuelo ch\u00e1rter compartido con la Universidad Cat\u00f3lica de Quito, que se encuentra en Venezuela disputando la Copa Sudamericana.<\/p>\n<p style=\"text-align: justify;\">Las de uniforme Vinotinto trabajan, desde mediados del mes de junio, bajo el mando del Asistente T\u00e9cnico, Gerardo Contreras, entre la ciudad de la M\u00e9rida y el P\u00e1ramo La Culata, en el estado M\u00e9rida, para adaptarse a una altura parecida a la que encontrar\u00e1n en la competencia de Conmebol.<\/p>\n<p style=\"text-align: justify;\">En la Copa Am\u00e9rica, las venezolanas buscar\u00e1n ubicarse en el podio, pues el campe\u00f3n del Sudamericano Femenino asegurar\u00e1 su participaci\u00f3n en los Juegos Ol\u00edmpicos de R\u00edo 2016 (o el subcampe\u00f3n si el campe\u00f3n es Brasil) y otorgar\u00e1 dos cupos y medio para el Mundial de Canad\u00e1 2015 y cuatro boletos a los Juegos Panamericanos de 2015 que se celebrar\u00e1n en la ciudad de Toronto.<\/p>\n<p style=\"text-align: justify;\">El combinado nacional llegar\u00e1 con 15 d\u00edas de antelaci\u00f3n a suelo ecuatoriano y continuar\u00e1 la preparaci\u00f3n. El director t\u00e9cnico nacional, Kenneth Zseremeta, su asistente t\u00e9cnico, Jos\u00e9 Catoya y la goleadora ol\u00edmpica, Deyna Castellanos, se unir\u00e1n a la delegaci\u00f3n el pr\u00f3ximo 2 de septiembre, luego de su regreso de los Juegos Ol\u00edmpicos de la Juventud de Nanjing 2014.<br \/>\nLas venezolanas jugar\u00e1n en la Copa Am\u00e9rica en el grupo A junto a Ecuador, Colombia, Uruguay y Per\u00fa que disputar\u00e1n los partidos de la primera fase entre las ciudades de Riobamba, Ambato y Latacunga. El Grupo B est\u00e1 conformado por Brasil, Paraguay, Chile, Argentina y Bolivia con sede en Loja, Cuenca y Azogues.<\/p>\n<p style=\"text-align: justify;\">Las convocadas por Zseremeta son: Maleike Pacheco, Karla Torres, Neidy Romero (UCV), Petra Cabrera (Trujillanos FC), Claudia Rodr\u00edguez (Cachimbo) Mar\u00eda Alejandra Peraza (Caracas FC), Milagros Mendoza (Estudiantes de Gu\u00e1rico), Soleydis Rangel, Leury Basanta, Thaicelis Marcano (Deportivo Anzo\u00e1tegui), Daniuska Rodr\u00edguez (Seca Sports), Marialba Zambrano (Dragonas de Oriente), Deyna Castellanos (Escuela Juan Arango), Lourdes Moreno (Potras FC), Gabriela Garc\u00eda (Aso. Sucre), Franyeli Rodr\u00edguez (Sport Valencia), Migdiel Guti\u00e9rrez, Yenifer Gim\u00e9nez (M\u00e1ximo Viloria), Nubiluz Rangel (Independiente La Fr\u00eda), Idalys P\u00e9rez (Atl\u00e9tico Yara), Yusmery Ascanio (ColoColo \u2013Chile), Carla Carvalho (UCAB).<\/p>\n<p style=\"text-align: justify;\">Cuerpo T\u00e9cnico: Kenneth Zseremeta, Seleccionador Nacional; Jos\u00e9 Catoya y Gerardo Contreras, Asistentes T\u00e9cnicos; Christian Rivas, Preparador de Porteras; Marses Carvajal, Fisioterapeuta; Froilan Bonilla, Preparador F\u00edsico; Williams Pino, Utilero; Sobeya Siria, Delegada y Seraf\u00edn Boutureira, Presidente de la Delegaci\u00f3n.<\/p>\n<p style=\"text-align: justify;\">Calendario Grupo A<\/p>\n<p style=\"text-align: justify;\">Jueves, 11 de Septiembre<br \/>\nUruguay vs Venezuela \u20135:00 pm &#8211; Riobamba<br \/>\nEcuador vs Per\u00fa \u2013 7:10 pm \u2013 Riobamba<\/p>\n<p style=\"text-align: justify;\">S\u00e1bado, 13 de septiembre<br \/>\nColombia vs Uruguay \u20131:00 pm \u2013Ambato<br \/>\nEcuador vs Venezuela \u2013 3:30 pm \u2013 Ambato<\/p>\n<p style=\"text-align: justify;\">Lunes, 15 de Septiembre<br \/>\nColombia vs Venezuela -5:00 pm \u2013 Riobamba<br \/>\nUruguay vs Per\u00fa \u2013 7:10 pm \u2013 Riobamba<br \/>\nMi\u00e9rcoles, 17 de septiembre<br \/>\nVenezuela vs Per\u00fa \u2013 5:00 pm \u2013Ambato<br \/>\nEcuador vs Colombia \u2013 7:10 pm \u2013Ambato<\/p>\n<p style=\"text-align: justify;\">Viernes, 19 de septiembre<br \/>\nColombia vs Per\u00fa -5:00 pm -Latacunga<br \/>\nEcuador vs Uruguay -7.10 pm \u2013 Latacunga<\/p>\n","protected":false},"excerpt":{"rendered":"<p>PRENSA FVF \/ CARACAS.- \u00a0La Selecci\u00f3n Femenina de F\u00fatbol de mayores, la Vinotinto, partir\u00e1 a Ecuador este mi\u00e9rcoles, 27 de agosto, a las 3:00 pm, para disputar la Copa Am\u00e9rica, Ecuador 2014, que se jugar\u00e1 del 11 al 28 de septiembre en las ciudades de Riobamba, Ambato y Latacunga, Loja, Cuenca y Azoguez. La oncena &#8230;<\/p>\n","protected":false},"author":4,"featured_media":6147,"comment_status":"closed","ping_status":"closed","sticky":false,"template":"","format":"standard","meta":{"footnotes":""},"categories":[752,41,26,3],"tags":[],"class_list":["post-14641","post","type-post","status-publish","format-standard","has-post-thumbnail","hentry","category-appgd","category-futbol-femenino","category-seleccion-femenina","category-seleccion-nacional"],"_links":{"self":[{"href":"http:\/\/gradadigital.com\/home\/wp-json\/wp\/v2\/posts\/14641","targetHints":{"allow":["GET"]}}],"collection":[{"href":"http:\/\/gradadigital.com\/home\/wp-json\/wp\/v2\/posts"}],"about":[{"href":"http:\/\/gradadigital.com\/home\/wp-json\/wp\/v2\/types\/post"}],"author":[{"embeddable":true,"href":"http:\/\/gradadigital.com\/home\/wp-json\/wp\/v2\/users\/4"}],"replies":[{"embeddable":true,"href":"http:\/\/gradadigital.com\/home\/wp-json\/wp\/v2\/comments?post=14641"}],"version-history":[{"count":2,"href":"http:\/\/gradadigital.com\/home\/wp-json\/wp\/v2\/posts\/14641\/revisions"}],"predecessor-version":[{"id":14643,"href":"http:\/\/gradadigital.com\/home\/wp-json\/wp\/v2\/posts\/14641\/revisions\/14643"}],"wp:featuredmedia":[{"embeddable":true,"href":"http:\/\/gradadigital.com\/home\/wp-json\/wp\/v2\/media\/6147"}],"wp:attachment":[{"href":"http:\/\/gradadigital.com\/home\/wp-json\/wp\/v2\/media?parent=14641"}],"wp:term":[{"taxonomy":"category","embeddable":true,"href":"http:\/\/gradadigital.com\/home\/wp-json\/wp\/v2\/categories?post=14641"},{"taxonomy":"post_tag","embeddable":true,"href":"http:\/\/gradadigital.com\/home\/wp-json\/wp\/v2\/tags?post=14641"}],"curies":[{"name":"wp","href":"https:\/\/api.w.org\/{rel}","templated":true}]}}