{"id":14599,"date":"2014-08-25T14:01:19","date_gmt":"2014-08-25T18:31:19","guid":{"rendered":"http:\/\/gradadigital.com\/home\/?p=14599"},"modified":"2014-08-26T09:25:21","modified_gmt":"2014-08-26T13:55:21","slug":"foto-estudiantes-de-merida-se-inspira-en-el-atletico-de-madrid","status":"publish","type":"post","link":"http:\/\/gradadigital.com\/home\/foto-estudiantes-de-merida-se-inspira-en-el-atletico-de-madrid\/","title":{"rendered":"FOTO | Estudiantes de M\u00e9rida se inspira en el Atl\u00e9tico de Madrid"},"content":{"rendered":"<p style=\"text-align: center;\"><a href=\"http:\/\/gradadigital.com\/home\/wp-content\/uploads\/2014\/08\/atletico_madrid_estudiantes_merida_25082014.jpg\"><img loading=\"lazy\" decoding=\"async\" class=\"alignnone size-full wp-image-14600\" src=\"http:\/\/gradadigital.com\/home\/wp-content\/uploads\/2014\/08\/atletico_madrid_estudiantes_merida_25082014.jpg\" alt=\"atletico_madrid_estudiantes_merida_25082014\" width=\"682\" height=\"396\" srcset=\"http:\/\/gradadigital.com\/home\/wp-content\/uploads\/2014\/08\/atletico_madrid_estudiantes_merida_25082014.jpg 682w, http:\/\/gradadigital.com\/home\/wp-content\/uploads\/2014\/08\/atletico_madrid_estudiantes_merida_25082014-300x174.jpg 300w\" sizes=\"auto, (max-width: 682px) 100vw, 682px\" \/><\/a><\/p>\n<p style=\"text-align: justify;\"><strong>GradaDigital.com &#8211;<\/strong> El equipo acad\u00e9mico, Estudiantes de M\u00e9rida, ha iniciado el Torneo Apertura con muy buen accionar. Disputado tres jornadas, han logrado sumar siete puntos para empatar la cima con el Deportivo T\u00e1chira, producto de dos triunfos en la ciudad capital y un empate de local.<\/p>\n<p style=\"text-align: justify;\">Seguramente los objetivos de Estudiantes de M\u00e9rida es lograr una gran campa\u00f1a como lo hicieran en \u00e9pocas pasadas, de la misma manera que lo ha ido logrando el Atl\u00e9tico de Madrid en el f\u00fatbol de Espa\u00f1a e internacional, tanto as\u00ed, que el club acad\u00e9mico utiliza un uniforme que simula a la indumentaria -en su modelo- del Atl\u00e9tico de la temporada 2013-2014 (tal como se observan los detalles en la fotograf\u00eda). <strong>\u00bfLograr\u00e1 Estudiantes tambi\u00e9n conseguir\u00a0un posible t\u00edtulo?<\/strong><\/p>\n<hr \/>\n<p style=\"text-align: justify;\">\n<p style=\"text-align: right;\"><em><strong>Nota:<\/strong>\u00a0Este art\u00edculo no se refiere a or\u00edgenes hist\u00f3ricos de Estudiantes de M\u00e9rida, sino meramente a un juego de semejanzas\u00a0<strong>sobre la actualidad<\/strong> y parecidos en uniformes que tienen los clubes nombrados<\/em><\/p>\n","protected":false},"excerpt":{"rendered":"<p>GradaDigital.com &#8211; El equipo acad\u00e9mico, Estudiantes de M\u00e9rida, ha iniciado el Torneo Apertura con muy buen accionar. Disputado tres jornadas, han logrado sumar siete puntos para empatar la cima con el Deportivo T\u00e1chira, producto de dos triunfos en la ciudad capital y un empate de local. Seguramente los objetivos de Estudiantes de M\u00e9rida es lograr &#8230;<\/p>\n","protected":false},"author":4,"featured_media":14600,"comment_status":"closed","ping_status":"closed","sticky":false,"template":"","format":"standard","meta":{"footnotes":""},"categories":[752,13,5,31],"tags":[],"class_list":["post-14599","post","type-post","status-publish","format-standard","has-post-thumbnail","hentry","category-appgd","category-estudiantes-de-merida","category-futbol-nacional","category-primera-division"],"_links":{"self":[{"href":"http:\/\/gradadigital.com\/home\/wp-json\/wp\/v2\/posts\/14599","targetHints":{"allow":["GET"]}}],"collection":[{"href":"http:\/\/gradadigital.com\/home\/wp-json\/wp\/v2\/posts"}],"about":[{"href":"http:\/\/gradadigital.com\/home\/wp-json\/wp\/v2\/types\/post"}],"author":[{"embeddable":true,"href":"http:\/\/gradadigital.com\/home\/wp-json\/wp\/v2\/users\/4"}],"replies":[{"embeddable":true,"href":"http:\/\/gradadigital.com\/home\/wp-json\/wp\/v2\/comments?post=14599"}],"version-history":[{"count":4,"href":"http:\/\/gradadigital.com\/home\/wp-json\/wp\/v2\/posts\/14599\/revisions"}],"predecessor-version":[{"id":14628,"href":"http:\/\/gradadigital.com\/home\/wp-json\/wp\/v2\/posts\/14599\/revisions\/14628"}],"wp:featuredmedia":[{"embeddable":true,"href":"http:\/\/gradadigital.com\/home\/wp-json\/wp\/v2\/media\/14600"}],"wp:attachment":[{"href":"http:\/\/gradadigital.com\/home\/wp-json\/wp\/v2\/media?parent=14599"}],"wp:term":[{"taxonomy":"category","embeddable":true,"href":"http:\/\/gradadigital.com\/home\/wp-json\/wp\/v2\/categories?post=14599"},{"taxonomy":"post_tag","embeddable":true,"href":"http:\/\/gradadigital.com\/home\/wp-json\/wp\/v2\/tags?post=14599"}],"curies":[{"name":"wp","href":"https:\/\/api.w.org\/{rel}","templated":true}]}}