{"id":14591,"date":"2014-08-24T22:30:05","date_gmt":"2014-08-25T03:00:05","guid":{"rendered":"http:\/\/gradadigital.com\/home\/?p=14591"},"modified":"2014-08-24T22:31:07","modified_gmt":"2014-08-25T03:01:07","slug":"video-se-llama-hermes-romero-marco-un-golazo-para-triunfo-granate","status":"publish","type":"post","link":"http:\/\/gradadigital.com\/home\/video-se-llama-hermes-romero-marco-un-golazo-para-triunfo-granate\/","title":{"rendered":"+VIDEO | Se llama H\u00e9rmes Romero y marc\u00f3 un golazo para triunfo \u00abGranate\u00bb"},"content":{"rendered":"<iframe loading=\"lazy\" width=\"620\" height=\"340\" src=\"http:\/\/www.youtube.com\/embed\/I87-qGXnVu8?rel=0\" frameborder=\"0\" allowfullscreen><\/iframe>\n<p style=\"text-align: justify;\"><strong>Prensa Carabobo FC, \u00a0Addrix Delgado &#8211;\u00a0<\/strong>El Carabobo F\u00fatbol Club sum\u00f3 sus primeros tres puntos del certamen, y adem\u00e1s, en papel de for\u00e1neo tras derrotar 0-1 al Deportivo Lara en encuentro disputado por la jornada tres del Torneo Apertura 2014, en el Metropolitano de Cabudare.<\/p>\n<p style=\"text-align: justify;\">Un golazo del juvenil, Arist\u00f3teles Romero, en la fracci\u00f3n del 58\u2019 fue suficiente para el triunfo carabobe\u00f1o en suelo larense.<\/p>\n<p style=\"text-align: justify;\">Las oportunidades para los \u201cgranates\u201d no se hicieron esperar. Al minuto cuatro, Jes\u00fas \u201cPiojo\u201d Quintero recibi\u00f3 un pase elevado, dentro del \u00e1rea, y de primera la jug\u00f3 a un lado con Daniel Arismendi, quien busc\u00f3 rematar pero la zaga solvent\u00f3 exigida. Enseguida, Aquiles Ocanto realiz\u00f3 una individual por la izquierda e ingres\u00f3 al \u00e1rea para disparar a puerta pero el bal\u00f3n estrell\u00f3 en el vertical derecho resguardado por David Gonz\u00e1lez.<\/p>\n<p style=\"text-align: justify;\">El Carabobo FC se adue\u00f1\u00f3 de la esf\u00e9rica y empez\u00f3 a te\u00f1ir el campo de \u201cvinotinto\u201d, presionando en la salida del rival y obligando al mal pase de los \u201crojinegros\u201d.<\/p>\n<p style=\"text-align: justify;\">El primer tiro de los crepusculares lleg\u00f3 a trav\u00e9s de los botines de Edgar P\u00e9rez Greco en la fracci\u00f3n del 24\u2019. El \u201cflaco\u201d mando un disparo violento que pas\u00f3 a poca distancia del horizontal carabobe\u00f1o.<\/p>\n<p style=\"text-align: justify;\"><strong>Se repite la historia<br \/>\n<\/strong>La pol\u00e9mica estuvo involucrada en los \u00faltimos cuatro juegos disputado entre el Carabobo FC y el Deportivo Lara, para este encuentro no fue la excepci\u00f3n.<\/p>\n<p style=\"text-align: justify;\">Al minuto 32, \u201cCaf\u00fa\u201d Arismendi recibi\u00f3 pase entre l\u00ednea, claramente habilitado, pic\u00f3 la esf\u00e9rica, tras el achique del guardavallas rival, para mandar el bal\u00f3n a mover las redes \u201crojinegras\u201d, sin embargo, el gol fue anulado por supuesta posici\u00f3n adelantada y se desdibujaba lo que hubiese sido el 0-1 parcial para el primer tiempo.<\/p>\n<p style=\"text-align: justify;\">Los industriales segu\u00edan imponi\u00e9ndose en los minutos finales de la primera mitad. Al 43\u2019 el \u201cPiojo\u201d Quintero realiz\u00f3 una pared con Arismendi, Quintero dispar\u00f3 al arco pero el bal\u00f3n fue directo a las manos del cancerbero rival.<\/p>\n<p style=\"text-align: justify;\">Para la segunda mitad, Rafael Dudamel, director t\u00e9cnico \u201crojinegro\u201d, movi\u00f3 sus piezas y le dio ingreso a Jos\u00e9 Caraballo por Edgar P\u00e9rez Greco.<\/p>\n<p style=\"text-align: justify;\">El reci\u00e9n ingresado, Jos\u00e9 Caraballo, se hizo sentir de inmediato en el campo y en el 52\u2019, envi\u00f3 un disparo de zurda al bajante izquierdo \u201cgranate\u201d que logr\u00f3 desviar Leo Morales.<\/p>\n<p style=\"text-align: center;\"><img loading=\"lazy\" decoding=\"async\" class=\"alignnone size-full wp-image-14592\" src=\"http:\/\/gradadigital.com\/home\/wp-content\/uploads\/2014\/08\/hermes_romero_lara_carabobo_24082014.jpg\" alt=\"hermes_romero_lara_carabobo_24082014\" width=\"682\" height=\"396\" srcset=\"http:\/\/gradadigital.com\/home\/wp-content\/uploads\/2014\/08\/hermes_romero_lara_carabobo_24082014.jpg 682w, http:\/\/gradadigital.com\/home\/wp-content\/uploads\/2014\/08\/hermes_romero_lara_carabobo_24082014-300x174.jpg 300w\" sizes=\"auto, (max-width: 682px) 100vw, 682px\" \/><\/p>\n<p style=\"text-align: justify;\"><strong>La justicia se hizo presente<br \/>\n<\/strong>Pese al gol anulado de Daniel Arismendi, la \u201cvinotinto regional\u201d se adelant\u00f3 en la pizarra. H\u00e9rmes Arist\u00f3teles Romero, se apoder\u00f3 del bal\u00f3n y sac\u00f3 una pluma para firmar, desde unos 35 metros, el 0-1 con un zapatazo que no pudo alcanzar David Gonz\u00e1lez. La afici\u00f3n \u201cgranate\u201d festejaba la diana carabobe\u00f1a.<\/p>\n<p style=\"text-align: justify;\">Las arremetidas carabobe\u00f1as no cesaban y en el 66\u2019, Aquiles Ocanto recibi\u00f3 un centro preciso del \u201cPiojo\u201d Quintero, el \u201cChino\u201d cabece\u00f3 de palomita frente al p\u00f3rtico larense pero el guardameta crepuscular estuvo bien ubicado y logr\u00f3 evitar el segundo tanto \u201cgranate\u201d.<\/p>\n<p style=\"text-align: justify;\">Deportivo Lara busc\u00f3 el tanto de la igualdad pero la zaga industrial estuvo solvente en la zona defensiva.<\/p>\n<p style=\"text-align: justify;\">Daniel Arismendi pudo ampliar el marcador en el 88\u2019, tras intentar \u00a0mandar el bal\u00f3n por encima del portero, pero Gonz\u00e1lez se adue\u00f1\u00f3 de la pelota.<\/p>\n<p style=\"text-align: justify;\">Lara insist\u00eda en la agon\u00eda del partido. Jos\u00e9 Manuel Rey cobr\u00f3 un tiro libre frontal directo al arco, pero Leo Morales hizo ahogar el grito de gol para los anfitriones, tras exigirse y apoderarse del remate potente.<\/p>\n<p style=\"text-align: justify;\">Final del partido y el Carabobo FC adicion\u00f3 sus primeras tres unidades en el certamen y se ubica sexto en la tabla, con un encuentro por disputar ante el Deportivo Anzo\u00e1tegui, producto de cuatro puntos sumados en la carretera. La divisa industrial mantendr\u00e1 su rumbo en la carretera, ya que el pr\u00f3ximo reto de la divisa industrial ser\u00e1 ante el Deportivo Petare, el domingo 31 de agosto, en el Ol\u00edmpico de la Universidad Central de Venezuela por la jornada cuatro del Apertura 2014.<\/p>\n<div style=\"text-align: center;\"><iframe loading=\"lazy\" src=\"http:\/\/gradadigital.com\/datafactory\/html\/venezuela\/ficha203624.html\" width=\"702\" height=\"1030\" frameborder=\"0\" marginwidth=\"0\" marginheight=\"0\" scrolling=\"no\"><\/iframe><\/div>\n","protected":false},"excerpt":{"rendered":"<p>Prensa Carabobo FC, \u00a0Addrix Delgado &#8211;\u00a0El Carabobo F\u00fatbol Club sum\u00f3 sus primeros tres puntos del certamen, y adem\u00e1s, en papel de for\u00e1neo tras derrotar 0-1 al Deportivo Lara en encuentro disputado por la jornada tres del Torneo Apertura 2014, en el Metropolitano de Cabudare. Un golazo del juvenil, Arist\u00f3teles Romero, en la fracci\u00f3n del 58\u2019 &#8230;<\/p>\n","protected":false},"author":4,"featured_media":14592,"comment_status":"closed","ping_status":"closed","sticky":false,"template":"","format":"standard","meta":{"footnotes":""},"categories":[27,752,29,8,5,31],"tags":[],"class_list":["post-14591","post","type-post","status-publish","format-standard","has-post-thumbnail","hentry","category-video","category-appgd","category-carabobo-fc","category-cd-lara","category-futbol-nacional","category-primera-division"],"_links":{"self":[{"href":"http:\/\/gradadigital.com\/home\/wp-json\/wp\/v2\/posts\/14591","targetHints":{"allow":["GET"]}}],"collection":[{"href":"http:\/\/gradadigital.com\/home\/wp-json\/wp\/v2\/posts"}],"about":[{"href":"http:\/\/gradadigital.com\/home\/wp-json\/wp\/v2\/types\/post"}],"author":[{"embeddable":true,"href":"http:\/\/gradadigital.com\/home\/wp-json\/wp\/v2\/users\/4"}],"replies":[{"embeddable":true,"href":"http:\/\/gradadigital.com\/home\/wp-json\/wp\/v2\/comments?post=14591"}],"version-history":[{"count":2,"href":"http:\/\/gradadigital.com\/home\/wp-json\/wp\/v2\/posts\/14591\/revisions"}],"predecessor-version":[{"id":14594,"href":"http:\/\/gradadigital.com\/home\/wp-json\/wp\/v2\/posts\/14591\/revisions\/14594"}],"wp:featuredmedia":[{"embeddable":true,"href":"http:\/\/gradadigital.com\/home\/wp-json\/wp\/v2\/media\/14592"}],"wp:attachment":[{"href":"http:\/\/gradadigital.com\/home\/wp-json\/wp\/v2\/media?parent=14591"}],"wp:term":[{"taxonomy":"category","embeddable":true,"href":"http:\/\/gradadigital.com\/home\/wp-json\/wp\/v2\/categories?post=14591"},{"taxonomy":"post_tag","embeddable":true,"href":"http:\/\/gradadigital.com\/home\/wp-json\/wp\/v2\/tags?post=14591"}],"curies":[{"name":"wp","href":"https:\/\/api.w.org\/{rel}","templated":true}]}}