{"id":14581,"date":"2014-08-24T20:18:25","date_gmt":"2014-08-25T00:48:25","guid":{"rendered":"http:\/\/gradadigital.com\/home\/?p=14581"},"modified":"2014-08-24T20:23:22","modified_gmt":"2014-08-25T00:53:22","slug":"presidente-del-portuguesa-confirma-llegada-de-ronaldo-pena","status":"publish","type":"post","link":"http:\/\/gradadigital.com\/home\/presidente-del-portuguesa-confirma-llegada-de-ronaldo-pena\/","title":{"rendered":"Presidente del Portuguesa confirma llegada de Ronaldo Pe\u00f1a"},"content":{"rendered":"<p style=\"text-align: center;\"><img loading=\"lazy\" decoding=\"async\" class=\"alignnone size-full wp-image-3705\" src=\"http:\/\/gradadigital.com\/home\/wp-content\/uploads\/2013\/08\/ronaldo_pena_angostura_caracasb_17082013.jpg\" alt=\"ronaldo_pena_angostura_caracasb_17082013\" width=\"596\" height=\"346\" srcset=\"http:\/\/gradadigital.com\/home\/wp-content\/uploads\/2013\/08\/ronaldo_pena_angostura_caracasb_17082013.jpg 596w, http:\/\/gradadigital.com\/home\/wp-content\/uploads\/2013\/08\/ronaldo_pena_angostura_caracasb_17082013-300x174.jpg 300w\" sizes=\"auto, (max-width: 596px) 100vw, 596px\" \/><\/p>\n<p style=\"text-align: justify;\"><strong>GradaDigital.com &#8211;<\/strong> El delantero del Caracas FC, Ronaldo Pe\u00f1a, jugar\u00eda con el Portuguesa FC en el presente torneo Apertura. La informaci\u00f3n la dio a conocer el presidente del club,\u00a0Generoso Mazzocca, desde Pueblo Nuevo tras el empate del \u00abPenta\u00bb (1-1) ante el Deportivo T\u00e1chira.<\/p>\n<p style=\"text-align: justify;\">Ronaldo Pe\u00f1a actualmente se encontraba recuper\u00e1ndose de una lesi\u00f3n, y haciendo presencia en los m\u00f3dulos juveniles Vinotintos tanto en Caracas como en Barinas. El delantero hab\u00eda sido presentado en la plantilla del Caracas FC para el torneo Apertura con las aspiraciones de ver minutos.<\/p>\n<p style=\"text-align: justify;\">El club capitalino no ha confirmado la noticia, y el Presidente del Portuguesa FC no dio m\u00e1s detalles de su anuncio.<\/p>\n","protected":false},"excerpt":{"rendered":"<p>GradaDigital.com &#8211; El delantero del Caracas FC, Ronaldo Pe\u00f1a, jugar\u00eda con el Portuguesa FC en el presente torneo Apertura. La informaci\u00f3n la dio a conocer el presidente del club,\u00a0Generoso Mazzocca, desde Pueblo Nuevo tras el empate del \u00abPenta\u00bb (1-1) ante el Deportivo T\u00e1chira. Ronaldo Pe\u00f1a actualmente se encontraba recuper\u00e1ndose de una lesi\u00f3n, y haciendo presencia &#8230;<\/p>\n","protected":false},"author":4,"featured_media":3705,"comment_status":"closed","ping_status":"closed","sticky":false,"template":"","format":"standard","meta":{"footnotes":""},"categories":[752,9,5,17,31],"tags":[],"class_list":["post-14581","post","type-post","status-publish","format-standard","has-post-thumbnail","hentry","category-appgd","category-caracas-fc","category-futbol-nacional","category-portuguesa-fc","category-primera-division"],"_links":{"self":[{"href":"http:\/\/gradadigital.com\/home\/wp-json\/wp\/v2\/posts\/14581","targetHints":{"allow":["GET"]}}],"collection":[{"href":"http:\/\/gradadigital.com\/home\/wp-json\/wp\/v2\/posts"}],"about":[{"href":"http:\/\/gradadigital.com\/home\/wp-json\/wp\/v2\/types\/post"}],"author":[{"embeddable":true,"href":"http:\/\/gradadigital.com\/home\/wp-json\/wp\/v2\/users\/4"}],"replies":[{"embeddable":true,"href":"http:\/\/gradadigital.com\/home\/wp-json\/wp\/v2\/comments?post=14581"}],"version-history":[{"count":3,"href":"http:\/\/gradadigital.com\/home\/wp-json\/wp\/v2\/posts\/14581\/revisions"}],"predecessor-version":[{"id":14584,"href":"http:\/\/gradadigital.com\/home\/wp-json\/wp\/v2\/posts\/14581\/revisions\/14584"}],"wp:featuredmedia":[{"embeddable":true,"href":"http:\/\/gradadigital.com\/home\/wp-json\/wp\/v2\/media\/3705"}],"wp:attachment":[{"href":"http:\/\/gradadigital.com\/home\/wp-json\/wp\/v2\/media?parent=14581"}],"wp:term":[{"taxonomy":"category","embeddable":true,"href":"http:\/\/gradadigital.com\/home\/wp-json\/wp\/v2\/categories?post=14581"},{"taxonomy":"post_tag","embeddable":true,"href":"http:\/\/gradadigital.com\/home\/wp-json\/wp\/v2\/tags?post=14581"}],"curies":[{"name":"wp","href":"https:\/\/api.w.org\/{rel}","templated":true}]}}