{"id":14318,"date":"2014-08-19T15:39:30","date_gmt":"2014-08-19T20:09:30","guid":{"rendered":"http:\/\/gradadigital.com\/home\/?p=14318"},"modified":"2014-08-19T15:39:30","modified_gmt":"2014-08-19T20:09:30","slug":"angel-chourio-piensa-en-grande-con-mineros-de-guayana","status":"publish","type":"post","link":"http:\/\/gradadigital.com\/home\/angel-chourio-piensa-en-grande-con-mineros-de-guayana\/","title":{"rendered":"\u00c1ngel Chourio piensa en grande con Mineros de Guayana"},"content":{"rendered":"<p style=\"text-align: center;\"><img loading=\"lazy\" decoding=\"async\" class=\"alignnone size-full wp-image-14319\" src=\"http:\/\/gradadigital.com\/home\/wp-content\/uploads\/2014\/08\/angel_chourio_mineros_19082014.jpg\" alt=\"angel_chourio_mineros_19082014\" width=\"682\" height=\"396\" srcset=\"http:\/\/gradadigital.com\/home\/wp-content\/uploads\/2014\/08\/angel_chourio_mineros_19082014.jpg 682w, http:\/\/gradadigital.com\/home\/wp-content\/uploads\/2014\/08\/angel_chourio_mineros_19082014-300x174.jpg 300w\" sizes=\"auto, (max-width: 682px) 100vw, 682px\" \/><\/p>\n<p style=\"text-align: justify;\"><strong>Miguel Andr\u00e9s Santana &#8211;\u00a0<\/strong>\u00c1ngel Chourio encara el segundo semestre del a\u00f1o 2014 pensando en grande, como siempre. Al mediocampista arag\u00fce\u00f1o que milita en Mineros de Guayana no solamente le motiva trascender con su escuadra, actual subcampeona del F\u00fatbol Nacional, sino tambi\u00e9n el hecho de haber sido llamado a formar parte de la Selecci\u00f3n Nacional en el primer m\u00f3dulo del estratega Noel Sanvicente, al cual asisti\u00f3, pero no pudo disfrutar de lleno desde la cancha por un dengue que le afect\u00f3, vi\u00e9ndose tambi\u00e9n alejado de la actividad profesional en la \u00faltima semana.<\/p>\n<p style=\"text-align: justify;\">Ya totalmente recuperado, el talentoso volante venezolano tiene la mente puesta en cumplir dos objetivos: ser campe\u00f3n con su escuadra y tener un buen rendimiento al servicio del elenco dirigido por Richard P\u00e1ez. Vestirse de vinotinto sabe que ser\u00e1 producto del trabajo que realice, por lo cual trabaja arduamente pensando en cumplir todas sus misiones bajo un lema personal:\u00a0<strong>reilusionarse.<\/strong><\/p>\n<p style=\"text-align: justify;\"><strong>\u201cPonerse la camiseta de tu pa\u00eds es lo m\u00e1s bonito que le puede ocurrir a un jugador y por eso trabajo corriendo la primera pelota como si fuese la \u00faltima y la \u00faltima como si fuese la primera. No pude disfrutar el primer llamado porque lamentablemente un dengue me afect\u00f3. Sent\u00ed tristeza, pero a su vez puedo decir que estoy tranquilo porque cuento con la confianza del entrenador Sanvicente, quien me tiene en cuenta para este nuevo ciclo\u201d<\/strong>, asever\u00f3 el dorsal siete de los \u201cnegriazules\u201d con la humildad que lleva consigo.<\/p>\n<p style=\"text-align: justify;\">El pr\u00f3ximo s\u00e1bado 23 a las seis de la tarde, Mineros deber\u00e1 visitar al Aragua F\u00fatbol Club en el estadio Ol\u00edmpico Hermanos Ghersi para darle cumplimiento a la tercera jornada del Torneo Apertura 2014 en lo que sin duda ser\u00e1 un partido especial para Chourio, nacido y formado futbol\u00edsticamente en la \u201cCiudad Jard\u00edn\u201d.<\/p>\n<p style=\"text-align: justify;\"><strong>\u201cEspero llegar a plenitud de condiciones para recibir la oportunidad de estar en ese partido, pues jugar en Maracay supone ser visto por mis familiares y amigos, quienes me vieron crecer dando mis primeros pasos en la ciudad. Este comienzo de torneo no ha sido tan bueno para m\u00ed por el virus que me atac\u00f3, pero estando recuperado lucho para hacerme con un puesto\u201d<\/strong>, agreg\u00f3.<\/p>\n<p style=\"text-align: justify;\"><strong>Angostura, primer rival en la Copa<\/strong><\/p>\n<p style=\"text-align: justify;\">Hacerse con la Copa Venezuela es uno de los firmes objetivos trazados para Mineros de Guayana, equipo que tendr\u00e1 como primer rival de II Fase a Angostura, cuadro de Segunda Divisi\u00f3n que hace vida deportiva en Ciudad Bol\u00edvar, donde se llevar\u00e1 a cabo la confrontaci\u00f3n de ida este mi\u00e9rcoles a las tres de la tarde, en lo que a criterio del jugador maracayero importante ser\u00e1 obtener un buen resultado.<\/p>\n<p style=\"text-align: justify;\"><strong>La meta es pelearlo todo<\/strong><\/p>\n<p style=\"text-align: justify;\"><strong>\u201cMe motiva el hecho de estar en un equipazo como Mineros de Guayana, que cuenta con muy buenos jugadores. Para este torneo tengo muchas ganas de trascender, conseguir cosas importantes e intentar aportar todo lo que pueda. Apostamos a pelear todos los frentes por los que compitamos, incluso la Copa Libertadores, que para nosotros inicia el pr\u00f3ximo a\u00f1o\u201d<\/strong>, dijo.<\/p>\n<p style=\"text-align: justify;\">Para el inicio de esta temporada, el cuadro con sede en Puerto Ordaz se reforz\u00f3 con dos reconocidos jugadores venezolanos: Gabriel Cichero y Breiner Da Silva, quienes fueron sumados a una plantilla que cuenta con elementos de reconocida trayectoria como Luis Vallenilla, Jos\u00e9 Manuel Vel\u00e1squez, Andr\u00e9s Rouga, Rafael Acosta, Edgar Jim\u00e9nez y Richard Blanco, aspecto al que Chourio hizo referencia.<\/p>\n<p style=\"text-align: justify;\"><strong>\u201cTenemos un plantel que est\u00e1 para grandes cosas y la llegada de los nuevos refuerzos es importante para todos. Lo clave es que todos estamos mentalizados en que los objetivos grupales est\u00e1n por encima de cualquier aspecto individual, por lo cual trabajamos con la responsabilidad de darle alegr\u00edas a una afici\u00f3n que nos ha sido fiel en todos nuestros juegos\u201d<\/strong>, devel\u00f3.<\/p>\n<p style=\"text-align: justify;\">Siempre aferrado a Dios como su compa\u00f1ero m\u00e1s fiel, al \u00c1ngel de Mineros le sobra ambici\u00f3n, pero tambi\u00e9n sabe que todo en la vida se gana a base de esfuerzo, constancia y lealtad a cada uno de los valores que le definen, por lo cual no para de pensar en grande en lo que espera sea un a\u00f1o lleno de muchos \u00e9xitos.<\/p>\n","protected":false},"excerpt":{"rendered":"<p>Miguel Andr\u00e9s Santana &#8211;\u00a0\u00c1ngel Chourio encara el segundo semestre del a\u00f1o 2014 pensando en grande, como siempre. Al mediocampista arag\u00fce\u00f1o que milita en Mineros de Guayana no solamente le motiva trascender con su escuadra, actual subcampeona del F\u00fatbol Nacional, sino tambi\u00e9n el hecho de haber sido llamado a formar parte de la Selecci\u00f3n Nacional en &#8230;<\/p>\n","protected":false},"author":4,"featured_media":14319,"comment_status":"closed","ping_status":"closed","sticky":false,"template":"","format":"standard","meta":{"footnotes":""},"categories":[752,5,15,31],"tags":[],"class_list":["post-14318","post","type-post","status-publish","format-standard","has-post-thumbnail","hentry","category-appgd","category-futbol-nacional","category-mineros-de-guayana","category-primera-division"],"_links":{"self":[{"href":"http:\/\/gradadigital.com\/home\/wp-json\/wp\/v2\/posts\/14318","targetHints":{"allow":["GET"]}}],"collection":[{"href":"http:\/\/gradadigital.com\/home\/wp-json\/wp\/v2\/posts"}],"about":[{"href":"http:\/\/gradadigital.com\/home\/wp-json\/wp\/v2\/types\/post"}],"author":[{"embeddable":true,"href":"http:\/\/gradadigital.com\/home\/wp-json\/wp\/v2\/users\/4"}],"replies":[{"embeddable":true,"href":"http:\/\/gradadigital.com\/home\/wp-json\/wp\/v2\/comments?post=14318"}],"version-history":[{"count":1,"href":"http:\/\/gradadigital.com\/home\/wp-json\/wp\/v2\/posts\/14318\/revisions"}],"predecessor-version":[{"id":14320,"href":"http:\/\/gradadigital.com\/home\/wp-json\/wp\/v2\/posts\/14318\/revisions\/14320"}],"wp:featuredmedia":[{"embeddable":true,"href":"http:\/\/gradadigital.com\/home\/wp-json\/wp\/v2\/media\/14319"}],"wp:attachment":[{"href":"http:\/\/gradadigital.com\/home\/wp-json\/wp\/v2\/media?parent=14318"}],"wp:term":[{"taxonomy":"category","embeddable":true,"href":"http:\/\/gradadigital.com\/home\/wp-json\/wp\/v2\/categories?post=14318"},{"taxonomy":"post_tag","embeddable":true,"href":"http:\/\/gradadigital.com\/home\/wp-json\/wp\/v2\/tags?post=14318"}],"curies":[{"name":"wp","href":"https:\/\/api.w.org\/{rel}","templated":true}]}}