{"id":14261,"date":"2014-08-18T15:25:23","date_gmt":"2014-08-18T19:55:23","guid":{"rendered":"http:\/\/gradadigital.com\/home\/?p=14261"},"modified":"2014-08-18T15:25:23","modified_gmt":"2014-08-18T19:55:23","slug":"fotos-tachira-alcanzo-el-triunfo-y-la-cima","status":"publish","type":"post","link":"http:\/\/gradadigital.com\/home\/fotos-tachira-alcanzo-el-triunfo-y-la-cima\/","title":{"rendered":"+FOTOS | T\u00e1chira alcanz\u00f3 el triunfo y la cima"},"content":{"rendered":"<p style=\"text-align: center;\"><img loading=\"lazy\" decoding=\"async\" class=\"alignnone size-full wp-image-14265\" src=\"http:\/\/gradadigital.com\/home\/wp-content\/uploads\/2014\/08\/cesar_gonzalez_llaneros_tachira_18082014.jpg\" alt=\"cesar_gonzalez_llaneros_tachira_18082014\" width=\"682\" height=\"396\" srcset=\"http:\/\/gradadigital.com\/home\/wp-content\/uploads\/2014\/08\/cesar_gonzalez_llaneros_tachira_18082014.jpg 682w, http:\/\/gradadigital.com\/home\/wp-content\/uploads\/2014\/08\/cesar_gonzalez_llaneros_tachira_18082014-300x174.jpg 300w\" sizes=\"auto, (max-width: 682px) 100vw, 682px\" \/><\/p>\n<p style=\"text-align: justify;\"><strong>Prensa Deportivo T\u00e1chira &#8211;<\/strong> Tras un primer tiempo accidentado por la lluvia del domingo, este lunes el bal\u00f3n volvi\u00f3 a rodar en el Estadio Rafael Calles Pinto para que el Carrusel Aurinegro continuara su ritmo ganador y se impusiera 0-2 ante Llaneros de Guanare, triunfo que sirve para asegurar el liderato del Torneo Apertura 2014 de la Liga Movistar.<\/p>\n<p style=\"text-align: justify;\">El compromiso que estuvo fraccionado en dos cap\u00edtulos, mostr\u00f3 en su programaci\u00f3n oficial a dos escuadras con ganas de proponer f\u00fatbol pragm\u00e1tico y sobreponerse a los extremos clim\u00e1ticos que present\u00f3 la tierra llanera en esta visita del m\u00e1s popular de Venezuela. La lluvia no permiti\u00f3 desplegar el juego el domingo, pero el lunes en medio del inclemente sol, brillaron los goles atigrados de C\u00e9sar Gonz\u00e1lez y Jos\u00e9 Miguel Reyes.<\/p>\n<p style=\"text-align: center;\"><img loading=\"lazy\" decoding=\"async\" class=\"alignnone size-full wp-image-14267\" src=\"http:\/\/gradadigital.com\/home\/wp-content\/uploads\/2014\/08\/yohandry_orozco_llaneros_tachira_18082014.jpg\" alt=\"yohandry_orozco_llaneros_tachira_18082014\" width=\"682\" height=\"396\" srcset=\"http:\/\/gradadigital.com\/home\/wp-content\/uploads\/2014\/08\/yohandry_orozco_llaneros_tachira_18082014.jpg 682w, http:\/\/gradadigital.com\/home\/wp-content\/uploads\/2014\/08\/yohandry_orozco_llaneros_tachira_18082014-300x174.jpg 300w\" sizes=\"auto, (max-width: 682px) 100vw, 682px\" \/><\/p>\n<p style=\"text-align: justify;\"><strong>Primer Cap\u00edtulo: Lluvia y no de goles<\/strong><\/p>\n<p style=\"text-align: justify;\">Los primeros 25 minutos, lapso en el que la esf\u00e9rica a\u00fan rodaba con regularidad en el muy bien cuidado gramado guanare\u00f1o, alcanz\u00f3 para ver la propuesta inicial de Daniel Far\u00edas similar a la del partido inaugural, donde plant\u00f3 tres defensores en el fondo respaldados por una primera l\u00ednea de volantes de igual n\u00famero de efectivos, para dar libertad a los circuitos ofensivos con cuatro elementos de peso, teniendo como punta de lanza al goleador Gelm\u00edn Rivas.<\/p>\n<p style=\"text-align: justify;\">Los coromotanos, dirigidos por el conocido Jos\u00e9 Francisco \u00abPat\u00f3n\u00bb Gonz\u00e1lez y contando en su convocatoria con seis fichas del Deportivo T\u00e1chira F.C. a pr\u00e9stamo, tres en cancha y tres en el banco; aprovecharon el tiempo y las circunstancias para mostrar su velocidad y las ansias de exponer el potencial con el que cuentan.<\/p>\n<p style=\"text-align: justify;\">Pocas jugadas claras de peligro se suscitaron en etapa inicial. La lluvia protagoniz\u00f3 el primer tiempo del cotejo que debi\u00f3 suspenderse por el vendaval que se extendi\u00f3 hasta ca\u00edda la noche en territorio guanare\u00f1o. La cita qued\u00f3 pautada para el lunes continuar con la pugna correspondiente a la jornada 2 del Torneo Apertura 2014.<\/p>\n<p style=\"text-align: center;\"><img loading=\"lazy\" decoding=\"async\" class=\"alignnone size-full wp-image-14263\" src=\"http:\/\/gradadigital.com\/home\/wp-content\/uploads\/2014\/08\/cesar_gonzalez_llaneros_tachira_18082014_3.jpg\" alt=\"cesar_gonzalez_llaneros_tachira_18082014_3\" width=\"682\" height=\"396\" srcset=\"http:\/\/gradadigital.com\/home\/wp-content\/uploads\/2014\/08\/cesar_gonzalez_llaneros_tachira_18082014_3.jpg 682w, http:\/\/gradadigital.com\/home\/wp-content\/uploads\/2014\/08\/cesar_gonzalez_llaneros_tachira_18082014_3-300x174.jpg 300w\" sizes=\"auto, (max-width: 682px) 100vw, 682px\" \/><\/p>\n<p style=\"text-align: justify;\"><strong>Segundo cap\u00edtulo: Goles de liderato<\/strong><\/p>\n<p style=\"text-align: justify;\">La puesta en escena continu\u00f3 muy temprano el lunes, a las 9 de la ma\u00f1ana se volvieron a ver las caras los pupilos de Far\u00edas y Gonz\u00e1lez. El tel\u00f3n volvi\u00f3 a subirse y el bal\u00f3n se puso en juego para definir al ganador de la fecha, la cual ya hab\u00eda dejado expedito el camino para que los Aurinegros se apoderaran en solitario del liderato de la tabla.<\/p>\n<p style=\"text-align: justify;\">La solvencia en defensa y la administraci\u00f3n segura de la esf\u00e9rica en la mitad, comenzaron a mostrar el dominio tachirense que se fue haciendo cada vez m\u00e1s superior en el terreno de juego, esta vez enmarcado en el caracter\u00edstico sol y calor de la llanura venezolana.<\/p>\n<p style=\"text-align: justify;\">La ofensiva amarilla y negra comenz\u00f3 a abrir caminos de cara a la caba\u00f1a coromotana, Jos\u00e9 Luis Tancredi prob\u00f3 de media distancia, Gelm\u00edn Rivas el m\u00e1s incisivo de distintas maneras gener\u00f3 peligro en compa\u00f1\u00eda de un movedizo Yohandry Orozco que tuvo el aviso m\u00e1s claro al 70&#8242;, con un bal\u00f3n que con el \u00faltimo recurso desvi\u00f3 Caraballo.<\/p>\n<p style=\"text-align: justify;\">El capit\u00e1n aurinegro, protagonista de todas las ideas en su equipo, asumi\u00f3 el llamado de los grandes momentos y con genialidad en el 82&#8242; consigui\u00f3 un espacio, con regate incluido, para definir de pierna izquierda y enviar el bal\u00f3n al fondo del arco, decretando la ventaja parcial del equipo siete estrellas.<\/p>\n<p style=\"text-align: center;\"><img loading=\"lazy\" decoding=\"async\" class=\"alignnone size-full wp-image-14264\" src=\"http:\/\/gradadigital.com\/home\/wp-content\/uploads\/2014\/08\/cesar_gonzalez_llaneros_tachira_18082014_2.jpg\" alt=\"cesar_gonzalez_llaneros_tachira_18082014_2\" width=\"682\" height=\"396\" srcset=\"http:\/\/gradadigital.com\/home\/wp-content\/uploads\/2014\/08\/cesar_gonzalez_llaneros_tachira_18082014_2.jpg 682w, http:\/\/gradadigital.com\/home\/wp-content\/uploads\/2014\/08\/cesar_gonzalez_llaneros_tachira_18082014_2-300x174.jpg 300w\" sizes=\"auto, (max-width: 682px) 100vw, 682px\" \/><\/p>\n<p style=\"text-align: justify;\">La juventud del batall\u00f3n santo y las variantes del estratega Gonz\u00e1lez, incluyendo a Albert Zambrano y \u00d3scar N\u00fa\u00f1ez para terminar con cinco piezas aurinegras en campo, exigieron a la defensa tachirense. En contraparte, Daniel Far\u00edas apost\u00f3 a la velocidad de Jos\u00e9 Miguel Reyes para ubicarlo estrat\u00e9gicamente y as\u00ed aprovechar un contraataque que termin\u00f3 por liquidar el compromiso con un golazo de m\u00e1s de 20 metros del \u00abChapul\u00edn\u00bb en los \u00faltimos pasajes del careo.<\/p>\n<p style=\"text-align: justify;\">Superando la fuerte lluvia del domingo y el desgaste del calor del lunes (cerca de 40 grados cent\u00edgrados), el Carrusel Aurinegro logra su segunda victoria de la naciente temporada y extiende a nueve los triunfos al hilo desde la zafra anterior. Con 6 puntos, cinco goles anotados y el arco invencible, el Deportivo T\u00e1chira F.C. mantiene el liderato del Apertura en solitario.<\/p>\n<p style=\"text-align: justify;\">Con la agenda cada vez m\u00e1s reducida en tiempo y el plantel en jugadores, a prop\u00f3sito de los ocho elementos Aurinegros que se quedan en Barinas a servicio de la selecci\u00f3n nacional, la tropa de Far\u00edas regresa a San Crist\u00f3bal para preparar la visita del pr\u00f3ximo mi\u00e9rcoles 20 de agosto al Ure\u00f1a S.C. en suelo fronterizo, en el inicio de la Copa Venezuela 2014, justa pautada para las 7 de la noche y en la que la bandera amarilla y negra tambi\u00e9n quiere ondear por todo lo alto.<\/p>\n<div style=\"text-align: center;\"><iframe loading=\"lazy\" src=\"http:\/\/gradadigital.com\/datafactory\/html\/venezuela\/ficha203615.html\" width=\"702\" height=\"1030\" frameborder=\"0\" marginwidth=\"0\" marginheight=\"0\" scrolling=\"no\"><\/iframe><\/div>\n<div style=\"text-align: center;\"><img loading=\"lazy\" decoding=\"async\" class=\"alignnone size-full wp-image-14266\" src=\"http:\/\/gradadigital.com\/home\/wp-content\/uploads\/2014\/08\/aficion_llaneros_tachira_18082014.jpg\" alt=\"aficion_llaneros_tachira_18082014\" width=\"682\" height=\"396\" srcset=\"http:\/\/gradadigital.com\/home\/wp-content\/uploads\/2014\/08\/aficion_llaneros_tachira_18082014.jpg 682w, http:\/\/gradadigital.com\/home\/wp-content\/uploads\/2014\/08\/aficion_llaneros_tachira_18082014-300x174.jpg 300w\" sizes=\"auto, (max-width: 682px) 100vw, 682px\" \/><\/div>\n<div style=\"text-align: center;\"><\/div>\n<div style=\"text-align: center;\"><img loading=\"lazy\" decoding=\"async\" class=\"alignnone size-full wp-image-14262\" src=\"http:\/\/gradadigital.com\/home\/wp-content\/uploads\/2014\/08\/aficion_tachira_llaneros_tachira_18082014.jpg\" alt=\"aficion_tachira_llaneros_tachira_18082014\" width=\"682\" height=\"396\" srcset=\"http:\/\/gradadigital.com\/home\/wp-content\/uploads\/2014\/08\/aficion_tachira_llaneros_tachira_18082014.jpg 682w, http:\/\/gradadigital.com\/home\/wp-content\/uploads\/2014\/08\/aficion_tachira_llaneros_tachira_18082014-300x174.jpg 300w\" sizes=\"auto, (max-width: 682px) 100vw, 682px\" \/><\/div>\n","protected":false},"excerpt":{"rendered":"<p>Prensa Deportivo T\u00e1chira &#8211; Tras un primer tiempo accidentado por la lluvia del domingo, este lunes el bal\u00f3n volvi\u00f3 a rodar en el Estadio Rafael Calles Pinto para que el Carrusel Aurinegro continuara su ritmo ganador y se impusiera 0-2 ante Llaneros de Guanare, triunfo que sirve para asegurar el liderato del Torneo Apertura 2014 &#8230;<\/p>\n","protected":false},"author":4,"featured_media":14265,"comment_status":"closed","ping_status":"closed","sticky":false,"template":"","format":"standard","meta":{"footnotes":""},"categories":[43,752,11,5,14,31],"tags":[],"class_list":["post-14261","post","type-post","status-publish","format-standard","has-post-thumbnail","hentry","category-fotos","category-appgd","category-deportivo-tachira","category-futbol-nacional","category-llaneros-fc","category-primera-division"],"_links":{"self":[{"href":"http:\/\/gradadigital.com\/home\/wp-json\/wp\/v2\/posts\/14261","targetHints":{"allow":["GET"]}}],"collection":[{"href":"http:\/\/gradadigital.com\/home\/wp-json\/wp\/v2\/posts"}],"about":[{"href":"http:\/\/gradadigital.com\/home\/wp-json\/wp\/v2\/types\/post"}],"author":[{"embeddable":true,"href":"http:\/\/gradadigital.com\/home\/wp-json\/wp\/v2\/users\/4"}],"replies":[{"embeddable":true,"href":"http:\/\/gradadigital.com\/home\/wp-json\/wp\/v2\/comments?post=14261"}],"version-history":[{"count":1,"href":"http:\/\/gradadigital.com\/home\/wp-json\/wp\/v2\/posts\/14261\/revisions"}],"predecessor-version":[{"id":14268,"href":"http:\/\/gradadigital.com\/home\/wp-json\/wp\/v2\/posts\/14261\/revisions\/14268"}],"wp:featuredmedia":[{"embeddable":true,"href":"http:\/\/gradadigital.com\/home\/wp-json\/wp\/v2\/media\/14265"}],"wp:attachment":[{"href":"http:\/\/gradadigital.com\/home\/wp-json\/wp\/v2\/media?parent=14261"}],"wp:term":[{"taxonomy":"category","embeddable":true,"href":"http:\/\/gradadigital.com\/home\/wp-json\/wp\/v2\/categories?post=14261"},{"taxonomy":"post_tag","embeddable":true,"href":"http:\/\/gradadigital.com\/home\/wp-json\/wp\/v2\/tags?post=14261"}],"curies":[{"name":"wp","href":"https:\/\/api.w.org\/{rel}","templated":true}]}}