{"id":14225,"date":"2014-08-17T22:43:24","date_gmt":"2014-08-18T03:13:24","guid":{"rendered":"http:\/\/gradadigital.com\/home\/?p=14225"},"modified":"2014-08-17T22:43:24","modified_gmt":"2014-08-18T03:13:24","slug":"fotos-asi-marcha-el-futbol-de-ronald-vargas-en-turquia","status":"publish","type":"post","link":"http:\/\/gradadigital.com\/home\/fotos-asi-marcha-el-futbol-de-ronald-vargas-en-turquia\/","title":{"rendered":"FOTOS | As\u00ed marcha el f\u00fatbol de Ronald Vargas en Turqu\u00eda"},"content":{"rendered":"<p style=\"text-align: center;\"><img loading=\"lazy\" decoding=\"async\" class=\"alignnone size-full wp-image-14226\" src=\"http:\/\/gradadigital.com\/home\/wp-content\/uploads\/2014\/08\/ronald_vargas_balikesirspor_aelkallonis_17082014_4.jpg\" alt=\"ronald_vargas_balikesirspor_aelkallonis_17082014_4\" width=\"682\" height=\"396\" srcset=\"http:\/\/gradadigital.com\/home\/wp-content\/uploads\/2014\/08\/ronald_vargas_balikesirspor_aelkallonis_17082014_4.jpg 682w, http:\/\/gradadigital.com\/home\/wp-content\/uploads\/2014\/08\/ronald_vargas_balikesirspor_aelkallonis_17082014_4-300x174.jpg 300w\" sizes=\"auto, (max-width: 682px) 100vw, 682px\" \/><\/p>\n<p style=\"text-align: justify;\"><strong>GradaDigital.com &#8211;<\/strong> La adaptaci\u00f3n de Ronald Vargas al f\u00fatbol de Turqu\u00eda, se est\u00e1 logrando con mucho optimismo para el venezolano. <a href=\"http:\/\/gradadigital.com\/home\/video-ronald-vargas-convirtio-golazo\/\" target=\"_blank\">Vargas destac\u00f3 en encuentro amistoso este domingo, en el que anotara un golazo de tiro libre para el triunfo de su equipo<\/a>. El jugador ya palpita cada vez m\u00e1s cerca el inicio del torneo oficial en la Primera Divisi\u00f3n de esta importante liga. <strong>\u00a1Mira las fotograf\u00edas!<\/strong><\/p>\n<p style=\"text-align: center;\"><a href=\"http:\/\/gradadigital.com\/home\/wp-content\/uploads\/2014\/08\/ronald_vargas_balikesirspor_aelkallonis_17082014.jpg\"><img loading=\"lazy\" decoding=\"async\" class=\"alignnone size-full wp-image-14229\" src=\"http:\/\/gradadigital.com\/home\/wp-content\/uploads\/2014\/08\/ronald_vargas_balikesirspor_aelkallonis_17082014.jpg\" alt=\"ronald_vargas_balikesirspor_aelkallonis_17082014\" width=\"682\" height=\"396\" srcset=\"http:\/\/gradadigital.com\/home\/wp-content\/uploads\/2014\/08\/ronald_vargas_balikesirspor_aelkallonis_17082014.jpg 682w, http:\/\/gradadigital.com\/home\/wp-content\/uploads\/2014\/08\/ronald_vargas_balikesirspor_aelkallonis_17082014-300x174.jpg 300w\" sizes=\"auto, (max-width: 682px) 100vw, 682px\" \/><\/a><\/p>\n<p style=\"text-align: center;\"><a href=\"http:\/\/gradadigital.com\/home\/wp-content\/uploads\/2014\/08\/ronald_vargas_balikesirspor_aelkallonis_17082014_2.jpg\"><img loading=\"lazy\" decoding=\"async\" class=\"alignnone size-full wp-image-14228\" src=\"http:\/\/gradadigital.com\/home\/wp-content\/uploads\/2014\/08\/ronald_vargas_balikesirspor_aelkallonis_17082014_2.jpg\" alt=\"ronald_vargas_balikesirspor_aelkallonis_17082014_2\" width=\"682\" height=\"396\" srcset=\"http:\/\/gradadigital.com\/home\/wp-content\/uploads\/2014\/08\/ronald_vargas_balikesirspor_aelkallonis_17082014_2.jpg 682w, http:\/\/gradadigital.com\/home\/wp-content\/uploads\/2014\/08\/ronald_vargas_balikesirspor_aelkallonis_17082014_2-300x174.jpg 300w\" sizes=\"auto, (max-width: 682px) 100vw, 682px\" \/><\/a><\/p>\n<p style=\"text-align: center;\"><a href=\"http:\/\/gradadigital.com\/home\/wp-content\/uploads\/2014\/08\/ronald_vargas_balikesirspor_aelkallonis_17082014_3.jpg\"><img loading=\"lazy\" decoding=\"async\" class=\"alignnone size-full wp-image-14227\" src=\"http:\/\/gradadigital.com\/home\/wp-content\/uploads\/2014\/08\/ronald_vargas_balikesirspor_aelkallonis_17082014_3.jpg\" alt=\"ronald_vargas_balikesirspor_aelkallonis_17082014_3\" width=\"682\" height=\"396\" srcset=\"http:\/\/gradadigital.com\/home\/wp-content\/uploads\/2014\/08\/ronald_vargas_balikesirspor_aelkallonis_17082014_3.jpg 682w, http:\/\/gradadigital.com\/home\/wp-content\/uploads\/2014\/08\/ronald_vargas_balikesirspor_aelkallonis_17082014_3-300x174.jpg 300w\" sizes=\"auto, (max-width: 682px) 100vw, 682px\" \/><\/a><\/p>\n<p><a href=\"http:\/\/gradadigital.com\/home\/wp-content\/uploads\/2014\/08\/ronald_vargas_balikesirspor_aelkallonis_17082014_1.jpg\"><img loading=\"lazy\" decoding=\"async\" class=\"alignnone size-full wp-image-14230 aligncenter\" src=\"http:\/\/gradadigital.com\/home\/wp-content\/uploads\/2014\/08\/ronald_vargas_balikesirspor_aelkallonis_17082014_1.jpg\" alt=\"ronald_vargas_balikesirspor_aelkallonis_17082014_1\" width=\"682\" height=\"396\" srcset=\"http:\/\/gradadigital.com\/home\/wp-content\/uploads\/2014\/08\/ronald_vargas_balikesirspor_aelkallonis_17082014_1.jpg 682w, http:\/\/gradadigital.com\/home\/wp-content\/uploads\/2014\/08\/ronald_vargas_balikesirspor_aelkallonis_17082014_1-300x174.jpg 300w\" sizes=\"auto, (max-width: 682px) 100vw, 682px\" \/><\/a><\/p>\n","protected":false},"excerpt":{"rendered":"<p>GradaDigital.com &#8211; La adaptaci\u00f3n de Ronald Vargas al f\u00fatbol de Turqu\u00eda, se est\u00e1 logrando con mucho optimismo para el venezolano. Vargas destac\u00f3 en encuentro amistoso este domingo, en el que anotara un golazo de tiro libre para el triunfo de su equipo. El jugador ya palpita cada vez m\u00e1s cerca el inicio del torneo oficial &#8230;<\/p>\n","protected":false},"author":4,"featured_media":14230,"comment_status":"closed","ping_status":"closed","sticky":false,"template":"","format":"standard","meta":{"footnotes":""},"categories":[43,752,36,4],"tags":[831],"class_list":["post-14225","post","type-post","status-publish","format-standard","has-post-thumbnail","hentry","category-fotos","category-appgd","category-internacional","category-legionarios","tag-ronald-vargas"],"_links":{"self":[{"href":"http:\/\/gradadigital.com\/home\/wp-json\/wp\/v2\/posts\/14225","targetHints":{"allow":["GET"]}}],"collection":[{"href":"http:\/\/gradadigital.com\/home\/wp-json\/wp\/v2\/posts"}],"about":[{"href":"http:\/\/gradadigital.com\/home\/wp-json\/wp\/v2\/types\/post"}],"author":[{"embeddable":true,"href":"http:\/\/gradadigital.com\/home\/wp-json\/wp\/v2\/users\/4"}],"replies":[{"embeddable":true,"href":"http:\/\/gradadigital.com\/home\/wp-json\/wp\/v2\/comments?post=14225"}],"version-history":[{"count":1,"href":"http:\/\/gradadigital.com\/home\/wp-json\/wp\/v2\/posts\/14225\/revisions"}],"predecessor-version":[{"id":14231,"href":"http:\/\/gradadigital.com\/home\/wp-json\/wp\/v2\/posts\/14225\/revisions\/14231"}],"wp:featuredmedia":[{"embeddable":true,"href":"http:\/\/gradadigital.com\/home\/wp-json\/wp\/v2\/media\/14230"}],"wp:attachment":[{"href":"http:\/\/gradadigital.com\/home\/wp-json\/wp\/v2\/media?parent=14225"}],"wp:term":[{"taxonomy":"category","embeddable":true,"href":"http:\/\/gradadigital.com\/home\/wp-json\/wp\/v2\/categories?post=14225"},{"taxonomy":"post_tag","embeddable":true,"href":"http:\/\/gradadigital.com\/home\/wp-json\/wp\/v2\/tags?post=14225"}],"curies":[{"name":"wp","href":"https:\/\/api.w.org\/{rel}","templated":true}]}}