{"id":14093,"date":"2014-08-14T14:56:05","date_gmt":"2014-08-14T19:26:05","guid":{"rendered":"http:\/\/gradadigital.com\/home\/?p=14093"},"modified":"2014-08-14T14:57:48","modified_gmt":"2014-08-14T19:27:48","slug":"video-nuevo-cruce-entre-romulo-otero-y-eduardo-sarago","status":"publish","type":"post","link":"http:\/\/gradadigital.com\/home\/video-nuevo-cruce-entre-romulo-otero-y-eduardo-sarago\/","title":{"rendered":"VIDEO | Nuevo cruce entre R\u00f3mulo Otero y Eduardo Sarag\u00f3"},"content":{"rendered":"<iframe loading=\"lazy\" width=\"620\" height=\"340\" src=\"http:\/\/www.youtube.com\/embed\/jHG-MxZF4YY?rel=0\" frameborder=\"0\" allowfullscreen><\/iframe>\n<p style=\"text-align: justify;\"><strong>GradaDigital.com &#8211;<\/strong> El estratega del Caracas FC, Eduardo Sarag\u00f3,\u00a0observ\u00f3 a sus dirigidos conseguir el primer triunfo de la temporada la noche del mi\u00e9rcoles ante Metropolitanos, el cual inici\u00f3 desde el minuto cero sin la presencia de R\u00f3mulo Otero.<\/p>\n<p style=\"text-align: justify;\">Al ser consultado por esta decisi\u00f3n, el director t\u00e9cnico asegur\u00f3 que \u00abno fue por lo deportivo\u00bb. Anteriormente, actos de indisciplina relegaron al jugador del \u00abRojo\u00bb al banco de suplentes en la temporada pasada, y en el \u00faltimo encuentro tuvieron una discusi\u00f3n en el transcurso del partido. \u00bfCu\u00e1l ser\u00e1 el desenlace deportivo y disciplinario tras este nuevo suceso?<\/p>\n<p style=\"text-align: right;\"><strong>Video realizado por:<\/strong> <span style=\"color: #333399;\"><a href=\"http:\/\/twitter.com\/AntonioDiazMrd\" target=\"_blank\"><span style=\"color: #333399;\">Antonio D\u00edaz<\/span><\/a><\/span><\/p>\n","protected":false},"excerpt":{"rendered":"<p>GradaDigital.com &#8211; El estratega del Caracas FC, Eduardo Sarag\u00f3,\u00a0observ\u00f3 a sus dirigidos conseguir el primer triunfo de la temporada la noche del mi\u00e9rcoles ante Metropolitanos, el cual inici\u00f3 desde el minuto cero sin la presencia de R\u00f3mulo Otero. Al ser consultado por esta decisi\u00f3n, el director t\u00e9cnico asegur\u00f3 que \u00abno fue por lo deportivo\u00bb. Anteriormente, &#8230;<\/p>\n","protected":false},"author":4,"featured_media":14094,"comment_status":"closed","ping_status":"closed","sticky":false,"template":"","format":"standard","meta":{"footnotes":""},"categories":[27,752,9,5,31],"tags":[],"class_list":["post-14093","post","type-post","status-publish","format-standard","has-post-thumbnail","hentry","category-video","category-appgd","category-caracas-fc","category-futbol-nacional","category-primera-division"],"_links":{"self":[{"href":"http:\/\/gradadigital.com\/home\/wp-json\/wp\/v2\/posts\/14093","targetHints":{"allow":["GET"]}}],"collection":[{"href":"http:\/\/gradadigital.com\/home\/wp-json\/wp\/v2\/posts"}],"about":[{"href":"http:\/\/gradadigital.com\/home\/wp-json\/wp\/v2\/types\/post"}],"author":[{"embeddable":true,"href":"http:\/\/gradadigital.com\/home\/wp-json\/wp\/v2\/users\/4"}],"replies":[{"embeddable":true,"href":"http:\/\/gradadigital.com\/home\/wp-json\/wp\/v2\/comments?post=14093"}],"version-history":[{"count":2,"href":"http:\/\/gradadigital.com\/home\/wp-json\/wp\/v2\/posts\/14093\/revisions"}],"predecessor-version":[{"id":14096,"href":"http:\/\/gradadigital.com\/home\/wp-json\/wp\/v2\/posts\/14093\/revisions\/14096"}],"wp:featuredmedia":[{"embeddable":true,"href":"http:\/\/gradadigital.com\/home\/wp-json\/wp\/v2\/media\/14094"}],"wp:attachment":[{"href":"http:\/\/gradadigital.com\/home\/wp-json\/wp\/v2\/media?parent=14093"}],"wp:term":[{"taxonomy":"category","embeddable":true,"href":"http:\/\/gradadigital.com\/home\/wp-json\/wp\/v2\/categories?post=14093"},{"taxonomy":"post_tag","embeddable":true,"href":"http:\/\/gradadigital.com\/home\/wp-json\/wp\/v2\/tags?post=14093"}],"curies":[{"name":"wp","href":"https:\/\/api.w.org\/{rel}","templated":true}]}}