{"id":13960,"date":"2014-07-29T22:17:36","date_gmt":"2014-07-30T02:47:36","guid":{"rendered":"http:\/\/gradadigital.com\/home\/?p=13960"},"modified":"2014-07-30T10:55:02","modified_gmt":"2014-07-30T15:25:02","slug":"los-premiosfutve-anunciaron-los-ganadores","status":"publish","type":"post","link":"http:\/\/gradadigital.com\/home\/los-premiosfutve-anunciaron-los-ganadores\/","title":{"rendered":"Los @PremiosFutVe anunciaron los ganadores"},"content":{"rendered":"<p style=\"text-align: center;\"><img loading=\"lazy\" decoding=\"async\" class=\"alignnone size-full wp-image-13962\" src=\"http:\/\/gradadigital.com\/home\/wp-content\/uploads\/2014\/07\/villavicencio_chapela_atlvenezuela_29072014.jpg\" alt=\"villavicencio_chapela_atlvenezuela_29072014\" width=\"682\" height=\"396\" srcset=\"http:\/\/gradadigital.com\/home\/wp-content\/uploads\/2014\/07\/villavicencio_chapela_atlvenezuela_29072014.jpg 682w, http:\/\/gradadigital.com\/home\/wp-content\/uploads\/2014\/07\/villavicencio_chapela_atlvenezuela_29072014-300x174.jpg 300w\" sizes=\"auto, (max-width: 682px) 100vw, 682px\" \/><\/p>\n<p style=\"text-align: justify;\"><strong>Prensa Premios Futve &#8211;<\/strong> Este martes 29 de julio, se anunciaron los ganadores de los Premios Futve en su cuarta edici\u00f3n en una ceremonia realizada en Teatrex de El Bosque. Noel Sanvicente y John Murillo destacaron al ser los \u00fanicos ganadores tanto en la votaci\u00f3n del p\u00fablico como de la prensa.<\/p>\n<p style=\"text-align: justify;\">Zamora, cuadro dirigido por Sanvicente en la temporada 2013\/2014, fue seleccionado por el voto especializado como el mejor equipo de la temporada, mientras que para el p\u00fablico esta distinci\u00f3n recay\u00f3 en el Deportivo T\u00e1chira. El ex volante zamorano, Pedro Ram\u00edrez, carg\u00f3 con el reconocimiento de mejor jugador de la temporada para la prensa.<\/p>\n<p style=\"text-align: justify;\">En cuanto al mejor jugador venezolano en el extranjero Salom\u00f3n Rond\u00f3n recibe su segundo reconocimiento en esta categor\u00eda, tras haberlo ganado en la primera edici\u00f3n de los Premios Futve.<\/p>\n<p style=\"text-align: justify;\">Agradecemos a nuestros patrocinantes y aliados, Adidas, Trophyland, Teatrex, Analiticom, La Mega, Uni\u00f3n Radio, Diario Lider, Bloque De Armas, Soccer Data Venezuela, Signpro, Bastidas &amp; Romero Contadores P\u00fablicos, ASA Sports, Carbonespresso y restaurant Urrutia por acompa\u00f1arnos en esta iniciativa.<\/p>\n<p style=\"text-align: center;\"><img loading=\"lazy\" decoding=\"async\" class=\"alignnone size-full wp-image-13964\" src=\"http:\/\/gradadigital.com\/home\/wp-content\/uploads\/2014\/07\/daniel_chapela_premios_futve_29072014_2.jpg\" alt=\"daniel_chapela_premios_futve_29072014_2\" width=\"682\" height=\"396\" srcset=\"http:\/\/gradadigital.com\/home\/wp-content\/uploads\/2014\/07\/daniel_chapela_premios_futve_29072014_2.jpg 682w, http:\/\/gradadigital.com\/home\/wp-content\/uploads\/2014\/07\/daniel_chapela_premios_futve_29072014_2-300x174.jpg 300w\" sizes=\"auto, (max-width: 682px) 100vw, 682px\" \/><\/p>\n<p style=\"text-align: justify;\">A continuaci\u00f3n la lista de ganadores<\/p>\n<p style=\"text-align: justify;\"><strong>MEJOR JUGADOR DE LA TEMPORADA<br \/>\n<\/strong>P\u00fablico<br \/>\nYohandry Orozco<br \/>\nPrensa<br \/>\nPedro Ram\u00edrez<\/p>\n<p style=\"text-align: justify;\"><strong>MEJOR JUGADOR EXTRANJERO DE LA TEMPORADA<br \/>\n<\/strong>P\u00fablico<br \/>\nRolando Escobar<br \/>\nPrensa<br \/>\nZamir Valoyes<\/p>\n<p style=\"text-align: justify;\"><strong>MEJOR JUGADOR VENEZOLANO EN EL EXTRANJERO<br \/>\n<\/strong>P\u00fablico<br \/>\nJuan Arango<br \/>\nPrensa<br \/>\nSalom\u00f3n Rond\u00f3n<\/p>\n<p style=\"text-align: justify;\"><strong>MEJOR JUVENIL DE LA TEMPORADA<br \/>\n<\/strong>P\u00fablico<br \/>\nJohn Murillo<br \/>\nPrensa<br \/>\nJohn Murillo<\/p>\n<p style=\"text-align: justify;\"><strong>MEJOR DIRECTOR T\u00c9CNICO DE LA TEMPORADA<\/strong><br \/>\nP\u00fablico<br \/>\nNoel Sanvicente<br \/>\nPrensa<br \/>\nNoel Sanvicente<\/p>\n<p style=\"text-align: justify;\"><strong>MEJOR EQUIPO EN REDES SOCIALES<br \/>\n<\/strong>P\u00fablico<br \/>\nDeportivo T\u00e1chira<br \/>\nPrensa<br \/>\nCD Lara<\/p>\n<p style=\"text-align: justify;\"><strong>MEJOR P\u00c1GINA WEB DE UN EQUIPO<\/strong><br \/>\nP\u00fablico<br \/>\nDeportivo T\u00e1chira<br \/>\nPrensa<br \/>\nCaracas FC<\/p>\n<p style=\"text-align: justify;\"><strong>MEJOR ESTADIO<br \/>\n<\/strong>P\u00fablico<br \/>\nPueblo Nuevo<br \/>\nPrensa<br \/>\nCTE Cachamay<\/p>\n<p style=\"text-align: justify;\"><strong>MEJOR EQUIPO DE LA TEMPORADA<\/strong><br \/>\nP\u00fablico<br \/>\nDeportivo T\u00e1chira<br \/>\nPrensa<br \/>\nZamora FC<\/p>\n<p style=\"text-align: justify;\"><strong>Mejor \u00c1rbitro<\/strong><br \/>\nPrensa<br \/>\nJuan Soto<\/p>\n<p style=\"text-align: justify;\"><strong>Premios estad\u00edsticos<\/strong><\/p>\n<p style=\"text-align: justify;\"><strong>M\u00e1ximo Goleador<br \/>\n<\/strong>Juan Falc\u00f3n (19)<\/p>\n<p style=\"text-align: justify;\"><strong>Mejor Portero<br \/>\n<\/strong>Rafael Romo<br \/>\n(26 G\/C en 34 PJ | 0,76 GC P\/P)<\/p>\n<p style=\"text-align: justify;\"><strong>M\u00e1ximo Goleador en Copa Venezuela<br \/>\n<\/strong>Edder Far\u00edas (6)<\/p>\n<p style=\"text-align: justify;\"><strong>Fair Play<br \/>\n<\/strong>Atl\u00e9tico Venezuela CF<\/p>\n<p style=\"text-align: center;\"><img loading=\"lazy\" decoding=\"async\" class=\"alignnone size-full wp-image-13963\" src=\"http:\/\/gradadigital.com\/home\/wp-content\/uploads\/2014\/07\/miguel_arias_premios_futve_29072014.jpg\" alt=\"miguel_arias_premios_futve_29072014\" width=\"682\" height=\"396\" srcset=\"http:\/\/gradadigital.com\/home\/wp-content\/uploads\/2014\/07\/miguel_arias_premios_futve_29072014.jpg 682w, http:\/\/gradadigital.com\/home\/wp-content\/uploads\/2014\/07\/miguel_arias_premios_futve_29072014-300x174.jpg 300w\" sizes=\"auto, (max-width: 682px) 100vw, 682px\" \/><\/p>\n<p style=\"text-align: center;\"><img loading=\"lazy\" decoding=\"async\" class=\"alignnone size-full wp-image-13965\" src=\"http:\/\/gradadigital.com\/home\/wp-content\/uploads\/2014\/07\/daniel_chapela_premios_futve_29072014.jpg\" alt=\"daniel_chapela_premios_futve_29072014\" width=\"397\" height=\"596\" srcset=\"http:\/\/gradadigital.com\/home\/wp-content\/uploads\/2014\/07\/daniel_chapela_premios_futve_29072014.jpg 397w, http:\/\/gradadigital.com\/home\/wp-content\/uploads\/2014\/07\/daniel_chapela_premios_futve_29072014-199x300.jpg 199w\" sizes=\"auto, (max-width: 397px) 100vw, 397px\" \/><\/p>\n<p style=\"text-align: center;\"><img loading=\"lazy\" decoding=\"async\" class=\"alignnone size-full wp-image-13961\" src=\"http:\/\/gradadigital.com\/home\/wp-content\/uploads\/2014\/07\/antonio_quintero_chapela_premios_futve_29072014.jpg\" alt=\"antonio_quintero_chapela_premios_futve_29072014\" width=\"682\" height=\"396\" srcset=\"http:\/\/gradadigital.com\/home\/wp-content\/uploads\/2014\/07\/antonio_quintero_chapela_premios_futve_29072014.jpg 682w, http:\/\/gradadigital.com\/home\/wp-content\/uploads\/2014\/07\/antonio_quintero_chapela_premios_futve_29072014-300x174.jpg 300w\" sizes=\"auto, (max-width: 682px) 100vw, 682px\" \/><\/p>\n","protected":false},"excerpt":{"rendered":"<p>Prensa Premios Futve &#8211; Este martes 29 de julio, se anunciaron los ganadores de los Premios Futve en su cuarta edici\u00f3n en una ceremonia realizada en Teatrex de El Bosque. Noel Sanvicente y John Murillo destacaron al ser los \u00fanicos ganadores tanto en la votaci\u00f3n del p\u00fablico como de la prensa. Zamora, cuadro dirigido por &#8230;<\/p>\n","protected":false},"author":4,"featured_media":13964,"comment_status":"closed","ping_status":"closed","sticky":false,"template":"","format":"standard","meta":{"footnotes":""},"categories":[752,5,4,31],"tags":[],"class_list":["post-13960","post","type-post","status-publish","format-standard","has-post-thumbnail","hentry","category-appgd","category-futbol-nacional","category-legionarios","category-primera-division"],"_links":{"self":[{"href":"http:\/\/gradadigital.com\/home\/wp-json\/wp\/v2\/posts\/13960","targetHints":{"allow":["GET"]}}],"collection":[{"href":"http:\/\/gradadigital.com\/home\/wp-json\/wp\/v2\/posts"}],"about":[{"href":"http:\/\/gradadigital.com\/home\/wp-json\/wp\/v2\/types\/post"}],"author":[{"embeddable":true,"href":"http:\/\/gradadigital.com\/home\/wp-json\/wp\/v2\/users\/4"}],"replies":[{"embeddable":true,"href":"http:\/\/gradadigital.com\/home\/wp-json\/wp\/v2\/comments?post=13960"}],"version-history":[{"count":4,"href":"http:\/\/gradadigital.com\/home\/wp-json\/wp\/v2\/posts\/13960\/revisions"}],"predecessor-version":[{"id":13969,"href":"http:\/\/gradadigital.com\/home\/wp-json\/wp\/v2\/posts\/13960\/revisions\/13969"}],"wp:featuredmedia":[{"embeddable":true,"href":"http:\/\/gradadigital.com\/home\/wp-json\/wp\/v2\/media\/13964"}],"wp:attachment":[{"href":"http:\/\/gradadigital.com\/home\/wp-json\/wp\/v2\/media?parent=13960"}],"wp:term":[{"taxonomy":"category","embeddable":true,"href":"http:\/\/gradadigital.com\/home\/wp-json\/wp\/v2\/categories?post=13960"},{"taxonomy":"post_tag","embeddable":true,"href":"http:\/\/gradadigital.com\/home\/wp-json\/wp\/v2\/tags?post=13960"}],"curies":[{"name":"wp","href":"https:\/\/api.w.org\/{rel}","templated":true}]}}