{"id":13953,"date":"2014-07-26T18:41:44","date_gmt":"2014-07-26T23:11:44","guid":{"rendered":"http:\/\/gradadigital.com\/home\/?p=13953"},"modified":"2014-07-30T10:55:03","modified_gmt":"2014-07-30T15:25:03","slug":"video-arango-se-reencontro-con-un-gol-en-mexico-luego-de-diez-anos","status":"publish","type":"post","link":"http:\/\/gradadigital.com\/home\/video-arango-se-reencontro-con-un-gol-en-mexico-luego-de-diez-anos\/","title":{"rendered":"VIDEO | Arango se reencontr\u00f3 con un gol en M\u00e9xico luego de diez a\u00f1os"},"content":{"rendered":"<iframe loading=\"lazy\" width=\"620\" height=\"340\" src=\"http:\/\/www.youtube.com\/embed\/VDNO2LZHKLM?rel=0\" frameborder=\"0\" allowfullscreen><\/iframe>\n<p style=\"text-align: justify;\"><strong>GradaDigital.com &#8211;<\/strong> El venezolano Juan Arango se reencontr\u00f3 con el gol en M\u00e9xico, donde anotara su \u00faltimo gol el 8 de mayo del a\u00f1o 2004 para el Puebla. La diana lo ejecut\u00f3 desde los doce pasos en el Estadio Azteca para el triunfo parcial (0-1) del equipo dirigido por C\u00e9sar Far\u00edas ante el Am\u00e9rica. <strong>\u00a1Mira el gol de Juan Arango en video!<\/strong><\/p>\n<p style=\"text-align: center;\"><img loading=\"lazy\" decoding=\"async\" class=\"alignnone size-full wp-image-13954\" src=\"http:\/\/gradadigital.com\/home\/wp-content\/uploads\/2014\/07\/juan_arango_america_xolos_tijuana_26072014.jpg\" alt=\"juan_arango_america_xolos_tijuana_26072014\" width=\"682\" height=\"396\" srcset=\"http:\/\/gradadigital.com\/home\/wp-content\/uploads\/2014\/07\/juan_arango_america_xolos_tijuana_26072014.jpg 682w, http:\/\/gradadigital.com\/home\/wp-content\/uploads\/2014\/07\/juan_arango_america_xolos_tijuana_26072014-300x174.jpg 300w\" sizes=\"auto, (max-width: 682px) 100vw, 682px\" \/><\/p>\n","protected":false},"excerpt":{"rendered":"<p>GradaDigital.com &#8211; El venezolano Juan Arango se reencontr\u00f3 con el gol en M\u00e9xico, donde anotara su \u00faltimo gol el 8 de mayo del a\u00f1o 2004 para el Puebla. La diana lo ejecut\u00f3 desde los doce pasos en el Estadio Azteca para el triunfo parcial (0-1) del equipo dirigido por C\u00e9sar Far\u00edas ante el Am\u00e9rica. \u00a1Mira &#8230;<\/p>\n","protected":false},"author":4,"featured_media":13954,"comment_status":"closed","ping_status":"closed","sticky":false,"template":"","format":"standard","meta":{"footnotes":""},"categories":[27,752,36,4],"tags":[],"class_list":["post-13953","post","type-post","status-publish","format-standard","has-post-thumbnail","hentry","category-video","category-appgd","category-internacional","category-legionarios"],"_links":{"self":[{"href":"http:\/\/gradadigital.com\/home\/wp-json\/wp\/v2\/posts\/13953","targetHints":{"allow":["GET"]}}],"collection":[{"href":"http:\/\/gradadigital.com\/home\/wp-json\/wp\/v2\/posts"}],"about":[{"href":"http:\/\/gradadigital.com\/home\/wp-json\/wp\/v2\/types\/post"}],"author":[{"embeddable":true,"href":"http:\/\/gradadigital.com\/home\/wp-json\/wp\/v2\/users\/4"}],"replies":[{"embeddable":true,"href":"http:\/\/gradadigital.com\/home\/wp-json\/wp\/v2\/comments?post=13953"}],"version-history":[{"count":1,"href":"http:\/\/gradadigital.com\/home\/wp-json\/wp\/v2\/posts\/13953\/revisions"}],"predecessor-version":[{"id":13955,"href":"http:\/\/gradadigital.com\/home\/wp-json\/wp\/v2\/posts\/13953\/revisions\/13955"}],"wp:featuredmedia":[{"embeddable":true,"href":"http:\/\/gradadigital.com\/home\/wp-json\/wp\/v2\/media\/13954"}],"wp:attachment":[{"href":"http:\/\/gradadigital.com\/home\/wp-json\/wp\/v2\/media?parent=13953"}],"wp:term":[{"taxonomy":"category","embeddable":true,"href":"http:\/\/gradadigital.com\/home\/wp-json\/wp\/v2\/categories?post=13953"},{"taxonomy":"post_tag","embeddable":true,"href":"http:\/\/gradadigital.com\/home\/wp-json\/wp\/v2\/tags?post=13953"}],"curies":[{"name":"wp","href":"https:\/\/api.w.org\/{rel}","templated":true}]}}