{"id":13944,"date":"2014-07-25T13:16:52","date_gmt":"2014-07-25T17:46:52","guid":{"rendered":"http:\/\/gradadigital.com\/home\/?p=13944"},"modified":"2014-07-30T10:55:03","modified_gmt":"2014-07-30T15:25:03","slug":"la-vinotinto-de-chita-ya-tiene-fecha-para-medirse-ante-chile","status":"publish","type":"post","link":"http:\/\/gradadigital.com\/home\/la-vinotinto-de-chita-ya-tiene-fecha-para-medirse-ante-chile\/","title":{"rendered":"La Vinotinto de \u00abChita\u00bb ya tiene fecha para medirse ante Chile"},"content":{"rendered":"<p style=\"text-align: center;\"><img loading=\"lazy\" decoding=\"async\" class=\"alignnone size-full wp-image-4627\" src=\"http:\/\/gradadigital.com\/home\/wp-content\/uploads\/2013\/09\/salomon_rondon_chile_venezuela_06092013_7.jpg\" alt=\"salomon_rondon_chile_venezuela_06092013_7\" width=\"596\" height=\"346\" srcset=\"http:\/\/gradadigital.com\/home\/wp-content\/uploads\/2013\/09\/salomon_rondon_chile_venezuela_06092013_7.jpg 596w, http:\/\/gradadigital.com\/home\/wp-content\/uploads\/2013\/09\/salomon_rondon_chile_venezuela_06092013_7-300x174.jpg 300w\" sizes=\"auto, (max-width: 596px) 100vw, 596px\" \/><\/p>\n<p style=\"text-align: justify;\"><strong>EFE, SANTIAGO.-<\/strong> La selecci\u00f3n chilena de f\u00fatbol jugar\u00e1 cinco partidos amistosos antes de finalizar el a\u00f1o con las de M\u00e9xico, Hait\u00ed, Paraguay, Venezuela y Costa Rica, seg\u00fan el calendario de la Federaci\u00f3n Internacional de Asociaciones de F\u00fatbol (FIFA).<\/p>\n<p style=\"text-align: justify;\">Los pr\u00f3ximos dos encuentros amistosos de la Roja, anfitriona de la Copa Am\u00e9rica 2015, se jugar\u00e1n en Estados Unidos, el primero contra M\u00e9xico el 5 de septiembre en San Francisco en el reci\u00e9n inaugurado Levi&#8217;s Stadium, y el segundo el d\u00eda 9 frente a Hait\u00ed en el Sun Life Stadium de Miami.<\/p>\n<p style=\"text-align: justify;\">Tras ello, los dirigidos por el argentino Jorge Sampaoli se ver\u00e1n las caras con la selecci\u00f3n de Paraguay en Santiago el 14 de octubre.<\/p>\n<p style=\"text-align: justify;\"><strong>Chile, que finaliz\u00f3 en el noveno lugar tras su participaci\u00f3n en el Mundial, donde fue eliminado el octavos de final en tanda de penales por Brasil, tambi\u00e9n acord\u00f3 un amistoso con Venezuela, el 10 de noviembre, y con Costa Rica el 18 de noviembre.<\/strong><\/p>\n<p style=\"text-align: justify;\">Si bien a\u00fan no se ha definido el lugar, el partido ante los Ticos, asoma como uno de los m\u00e1s interesante para la Roja de cara a la Copa Am\u00e9rica, ya que los costarricenses terminaron en el lugar n\u00famero ocho en Brasil 2014.<\/p>\n<p style=\"text-align: justify;\">El partido ante Venezuela tampoco tiene sede oficialmente, sin embargo la FVF en la presentaci\u00f3n del DT Noel Sanvicente afirm\u00f3 que la fecha de marzo ser\u00eda cuando La Vinotinto volver\u00eda a ver acci\u00f3n en el pa\u00eds.<\/p>\n","protected":false},"excerpt":{"rendered":"<p>EFE, SANTIAGO.- La selecci\u00f3n chilena de f\u00fatbol jugar\u00e1 cinco partidos amistosos antes de finalizar el a\u00f1o con las de M\u00e9xico, Hait\u00ed, Paraguay, Venezuela y Costa Rica, seg\u00fan el calendario de la Federaci\u00f3n Internacional de Asociaciones de F\u00fatbol (FIFA). Los pr\u00f3ximos dos encuentros amistosos de la Roja, anfitriona de la Copa Am\u00e9rica 2015, se jugar\u00e1n en &#8230;<\/p>\n","protected":false},"author":4,"featured_media":4627,"comment_status":"closed","ping_status":"closed","sticky":false,"template":"","format":"standard","meta":{"footnotes":""},"categories":[752,36,40,3],"tags":[],"class_list":["post-13944","post","type-post","status-publish","format-standard","has-post-thumbnail","hentry","category-appgd","category-internacional","category-seleccion-nacional-mayores","category-seleccion-nacional"],"_links":{"self":[{"href":"http:\/\/gradadigital.com\/home\/wp-json\/wp\/v2\/posts\/13944","targetHints":{"allow":["GET"]}}],"collection":[{"href":"http:\/\/gradadigital.com\/home\/wp-json\/wp\/v2\/posts"}],"about":[{"href":"http:\/\/gradadigital.com\/home\/wp-json\/wp\/v2\/types\/post"}],"author":[{"embeddable":true,"href":"http:\/\/gradadigital.com\/home\/wp-json\/wp\/v2\/users\/4"}],"replies":[{"embeddable":true,"href":"http:\/\/gradadigital.com\/home\/wp-json\/wp\/v2\/comments?post=13944"}],"version-history":[{"count":1,"href":"http:\/\/gradadigital.com\/home\/wp-json\/wp\/v2\/posts\/13944\/revisions"}],"predecessor-version":[{"id":13945,"href":"http:\/\/gradadigital.com\/home\/wp-json\/wp\/v2\/posts\/13944\/revisions\/13945"}],"wp:featuredmedia":[{"embeddable":true,"href":"http:\/\/gradadigital.com\/home\/wp-json\/wp\/v2\/media\/4627"}],"wp:attachment":[{"href":"http:\/\/gradadigital.com\/home\/wp-json\/wp\/v2\/media?parent=13944"}],"wp:term":[{"taxonomy":"category","embeddable":true,"href":"http:\/\/gradadigital.com\/home\/wp-json\/wp\/v2\/categories?post=13944"},{"taxonomy":"post_tag","embeddable":true,"href":"http:\/\/gradadigital.com\/home\/wp-json\/wp\/v2\/tags?post=13944"}],"curies":[{"name":"wp","href":"https:\/\/api.w.org\/{rel}","templated":true}]}}