{"id":13884,"date":"2014-07-22T11:42:03","date_gmt":"2014-07-22T16:12:03","guid":{"rendered":"http:\/\/gradadigital.com\/home\/?p=13884"},"modified":"2014-07-24T11:45:03","modified_gmt":"2014-07-24T16:15:03","slug":"premios-futve-celebran-su-cuarta-edicion","status":"publish","type":"post","link":"http:\/\/gradadigital.com\/home\/premios-futve-celebran-su-cuarta-edicion\/","title":{"rendered":"Premios FutVe celebran su cuarta edici\u00f3n"},"content":{"rendered":"<p style=\"text-align: center;\"><img loading=\"lazy\" decoding=\"async\" class=\"alignnone size-full wp-image-3310\" src=\"http:\/\/gradadigital.com\/home\/wp-content\/uploads\/2013\/08\/premios_futve_2013_1_08082013_vieira_veronica_gomez.jpg\" alt=\"premios_futve_2013_1_08082013_vieira_veronica_gomez\" width=\"596\" height=\"346\" srcset=\"http:\/\/gradadigital.com\/home\/wp-content\/uploads\/2013\/08\/premios_futve_2013_1_08082013_vieira_veronica_gomez.jpg 596w, http:\/\/gradadigital.com\/home\/wp-content\/uploads\/2013\/08\/premios_futve_2013_1_08082013_vieira_veronica_gomez-300x174.jpg 300w\" sizes=\"auto, (max-width: 596px) 100vw, 596px\" \/><\/p>\n<p style=\"text-align: justify;\"><strong>Prensa Premios FutVe &#8211;<\/strong> Los Premios al f\u00fatbol de Venezuela \u2014Premios Futve\u2014 celebran su cuarta edici\u00f3n este mes de julio honrando los logros deportivos, sociales y humanitarios de quienes han hecho vida en el f\u00fatbol profesional venezolano durante la temporada 2013\/2014.<\/p>\n<p style=\"text-align: justify;\">El d\u00eda mi\u00e9rcoles 16 de julio se dieron a conocer los nominados a los Premios FutVe de este a\u00f1o y, al igual que en sus ediciones anteriores, ser\u00e1 la votaci\u00f3n del p\u00fablico y de la prensa especializada la que definir\u00e1 los ganadores. El anuncio tambi\u00e9n incluy\u00f3 los nombres de quienes recibir\u00e1n el trofeo en las categor\u00edas estad\u00edsticas: m\u00e1ximo goleador de la temporada, de la Copa Venezuela, el mejor portero y el equipo m\u00e1s destacado en el juego limpio (<em>fair play<\/em>).<\/p>\n<p style=\"text-align: justify;\">Desde el mismo mi\u00e9rcoles 16 de julio, el p\u00fablico puede votar por sus nominados favoritos a trav\u00e9s de la p\u00e1gina PremiosFutVe.com. Posteriormente, el d\u00eda martes 29 a las 10 de la ma\u00f1ana en las instalaciones de Teatrex El Bosque, ser\u00e1n anunciados en rueda de prensa los nombres de aquellos que recibir\u00e1n el trofeo que desde el a\u00f1o 2011 se viene entregando a lo m\u00e1s destacado del f\u00fatbol profesional venezolano.<\/p>\n<p style=\"text-align: justify;\">En el mismo evento, y en consideraci\u00f3n a sus valiosos aportes al f\u00fatbol venezolano como jugador, entrenador y personaje de los medios de comunicaci\u00f3n social, se realizar\u00e1 un homenaje especial a la trayectoria futbol\u00edstica del profesor Carlos Horacio Moreno, destacada figura del mundo deportivo nacional.<\/p>\n<p style=\"text-align: justify;\">M\u00e1s informaci\u00f3n sobre el progreso de las votaciones y detalles del evento siguiendo la cuenta @PremiosFutVe en Twitter usando la etiqueta #PremiosFutVe y en la p\u00e1gina PremiosFutVe.com<\/p>\n<p style=\"text-align: justify;\">Agradecemos a nuestros patrocinantes y aliados, Adidas, Trophyland, Teatrex, Analiticom, La Mega, Uni\u00f3n Radio, Diario Lider, Bloque De Armas, Soccer Data Venezuela, Signpro, Bastidas &amp; Romero Contadores P\u00fablicos, ASA Sports, Carbonespresso y restaurant Urrutia por acompa\u00f1arnos en esta iniciativa.<\/p>\n<p style=\"text-align: justify;\"><strong>Nominados Premios FutVe cuarta edici\u00f3n<\/strong><\/p>\n<p style=\"text-align: justify;\"><strong>Mejor Jugador<br \/>\n<\/strong>Pedro Ram\u00edrez<br \/>\nJuan Falc\u00f3n<br \/>\nRichard Blanco<br \/>\nYohandry Orozco<br \/>\nZamir Valoyez<\/p>\n<p style=\"text-align: justify;\"><strong>Mejor Jugador Venezolano en el Extranjero<br \/>\n<\/strong>Salom\u00f3n Rond\u00f3n<br \/>\nJuan Arango<br \/>\nJosef Mart\u00ednez<br \/>\nMario Rond\u00f3n<br \/>\nOswaldo Vizcarrondo<\/p>\n<p style=\"text-align: justify;\"><strong>Mejor Jugador Extranjero en Venezuela<br \/>\n<\/strong>Zamir Valoyez<br \/>\nPablo Olivera<br \/>\nRicardo Clarke<br \/>\nRoberto Tucker<br \/>\nRolando Escobar<\/p>\n<p style=\"text-align: justify;\"><strong>Mejor Directo T\u00e9cnico<br \/>\n<\/strong>Noel Sanvicente<br \/>\nRichard P\u00e1ez<br \/>\nPedro Vera<br \/>\nHoracio Matuszyczk<br \/>\nEduardo Sarag\u00f3<\/p>\n<p style=\"text-align: justify;\"><strong>Mejor Equipo<br \/>\n<\/strong>AC Mineros de Guayana<br \/>\nZamora FC<br \/>\nTrujillanos FC<br \/>\nDeportivo T\u00e1chira<br \/>\nTucanes FC<\/p>\n<p style=\"text-align: justify;\"><strong>Mejor \u00c1rbitro<br \/>\n<\/strong>Juan Soto<br \/>\nJos\u00e9 Argote<br \/>\nRafael L\u00f3pez<br \/>\nJes\u00fas Valenzuela<br \/>\nMarlon Escalante<\/p>\n<p style=\"text-align: justify;\"><strong>Mejor Juvenil<br \/>\n<\/strong>John Murillo<br \/>\nJaime Moreno<br \/>\nJefre Vargas<br \/>\nJefferson Savarino<br \/>\nYanowsky Reyes<\/p>\n<p style=\"text-align: justify;\"><strong>Mejor Estadio<br \/>\n<\/strong>CTE Cachamay<br \/>\nPolideportivo Pueblo Nuevo<br \/>\nAgust\u00edn Tovar \u00abLa Carolina\u00bb<br \/>\nJos\u00e9 Antonio Anzo\u00e1tegui<br \/>\nMetropolitano de M\u00e9rida<\/p>\n<p style=\"text-align: justify;\"><strong>Mejor P\u00e1gina Web<br \/>\n<\/strong>Deportivo T\u00e1chira<br \/>\nAtl\u00e9tico Venezuela CF<br \/>\nCaracas FC<br \/>\nAragua FC<br \/>\nAC Mineros de Guayana<\/p>\n<p style=\"text-align: justify;\"><strong>Mejor Equipo en Redes Sociales<br \/>\n<\/strong>CD Lara<br \/>\nCaracas FC<br \/>\nDeportivo T\u00e1chira<br \/>\nAC Mineros de Guayana<br \/>\nAtl\u00e9tico Venezuela CF<\/p>\n<p style=\"text-align: justify;\"><strong>Ganadores en las categor\u00edas estad\u00edsticas:<\/strong><\/p>\n<p style=\"text-align: justify;\"><strong>M\u00e1ximo Goleador<br \/>\n<\/strong>Juan Falc\u00f3n (19)<\/p>\n<p style=\"text-align: justify;\"><strong>Mejor Portero<br \/>\n<\/strong>Rafael Romo<br \/>\n<em>(26 G\/C en 34 PJ | 0,76 GC P\/P)<\/em><\/p>\n<p style=\"text-align: justify;\"><strong>M\u00e1ximo Goleador en Copa Venezuela<br \/>\n<\/strong>Edder Far\u00edas (6)<\/p>\n<p style=\"text-align: justify;\"><strong>Fair Play<br \/>\n<\/strong>Atl\u00e9tico Venezuela CF<\/p>\n","protected":false},"excerpt":{"rendered":"<p>Prensa Premios FutVe &#8211; Los Premios al f\u00fatbol de Venezuela \u2014Premios Futve\u2014 celebran su cuarta edici\u00f3n este mes de julio honrando los logros deportivos, sociales y humanitarios de quienes han hecho vida en el f\u00fatbol profesional venezolano durante la temporada 2013\/2014. El d\u00eda mi\u00e9rcoles 16 de julio se dieron a conocer los nominados a los &#8230;<\/p>\n","protected":false},"author":4,"featured_media":3310,"comment_status":"closed","ping_status":"closed","sticky":false,"template":"","format":"standard","meta":{"footnotes":""},"categories":[752,5,31],"tags":[],"class_list":["post-13884","post","type-post","status-publish","format-standard","has-post-thumbnail","hentry","category-appgd","category-futbol-nacional","category-primera-division"],"_links":{"self":[{"href":"http:\/\/gradadigital.com\/home\/wp-json\/wp\/v2\/posts\/13884","targetHints":{"allow":["GET"]}}],"collection":[{"href":"http:\/\/gradadigital.com\/home\/wp-json\/wp\/v2\/posts"}],"about":[{"href":"http:\/\/gradadigital.com\/home\/wp-json\/wp\/v2\/types\/post"}],"author":[{"embeddable":true,"href":"http:\/\/gradadigital.com\/home\/wp-json\/wp\/v2\/users\/4"}],"replies":[{"embeddable":true,"href":"http:\/\/gradadigital.com\/home\/wp-json\/wp\/v2\/comments?post=13884"}],"version-history":[{"count":1,"href":"http:\/\/gradadigital.com\/home\/wp-json\/wp\/v2\/posts\/13884\/revisions"}],"predecessor-version":[{"id":13885,"href":"http:\/\/gradadigital.com\/home\/wp-json\/wp\/v2\/posts\/13884\/revisions\/13885"}],"wp:featuredmedia":[{"embeddable":true,"href":"http:\/\/gradadigital.com\/home\/wp-json\/wp\/v2\/media\/3310"}],"wp:attachment":[{"href":"http:\/\/gradadigital.com\/home\/wp-json\/wp\/v2\/media?parent=13884"}],"wp:term":[{"taxonomy":"category","embeddable":true,"href":"http:\/\/gradadigital.com\/home\/wp-json\/wp\/v2\/categories?post=13884"},{"taxonomy":"post_tag","embeddable":true,"href":"http:\/\/gradadigital.com\/home\/wp-json\/wp\/v2\/tags?post=13884"}],"curies":[{"name":"wp","href":"https:\/\/api.w.org\/{rel}","templated":true}]}}