{"id":13806,"date":"2014-07-13T22:01:48","date_gmt":"2014-07-14T02:31:48","guid":{"rendered":"http:\/\/gradadigital.com\/home\/?p=13806"},"modified":"2014-07-14T09:02:18","modified_gmt":"2014-07-14T13:32:18","slug":"alemania-por-cuarta-vez-el-mejor-del-mundo","status":"publish","type":"post","link":"http:\/\/gradadigital.com\/home\/alemania-por-cuarta-vez-el-mejor-del-mundo\/","title":{"rendered":"\u00a1Alemania por cuarta vez el Mejor del Mundo!"},"content":{"rendered":"<p style=\"text-align: center;\"><img loading=\"lazy\" decoding=\"async\" class=\"alignnone size-full wp-image-13814\" src=\"http:\/\/gradadigital.com\/home\/wp-content\/uploads\/2014\/07\/mario_gotze_alemania_argentina_13072014.jpg\" alt=\"mario_gotze_alemania_argentina_13072014\" width=\"682\" height=\"396\" srcset=\"http:\/\/gradadigital.com\/home\/wp-content\/uploads\/2014\/07\/mario_gotze_alemania_argentina_13072014.jpg 682w, http:\/\/gradadigital.com\/home\/wp-content\/uploads\/2014\/07\/mario_gotze_alemania_argentina_13072014-300x174.jpg 300w\" sizes=\"auto, (max-width: 682px) 100vw, 682px\" \/><\/p>\n<p style=\"text-align: justify;\"><strong>RIO DE JANEIRO, 13 jul (Reuters) &#8211;<\/strong> La selecci\u00f3n alemana de f\u00fatbol derrot\u00f3 el domingo 1-0 a Argentina para levantar su cuarta Copa del Mundo, 24 a\u00f1os despu\u00e9s de su \u00faltima conquista ante el mismo rival.<\/p>\n<p style=\"text-align: justify;\">El equipo europeo marc\u00f3 a los 112 minutos con un remate esquinado de Mario G\u00f6tze luego de matar la pelota con el pecho tras un centro de Andre Sch\u00fcrrle.<\/p>\n<p style=\"text-align: justify;\">\u00abEs un sentimiento incre\u00edble. Lo que hicimos por 120 minutos, la manera en que trabajamos duro y la forma en que todo el plantel nos respald\u00f3 durante todo el torneo\u00bb, dijo el capit\u00e1n Philipp Lahm. \u00abMejoramos a medida que \u00edbamos avanzando en el torneo y nunca nos distrajimos\u00bb, agreg\u00f3.<\/p>\n<p style=\"text-align: justify;\">De esta manera, Alemania se convirti\u00f3 en el primer equipo europeo en conquistar un t\u00edtulo mundial en Am\u00e9rica y sum\u00f3 su cuarta victoria consecutiva contra Argentina en Copas del Mundo tras la de 1990 en la final y las de 2006 y 2010 en cuartos de final.<\/p>\n<p style=\"text-align: justify;\">\u00abSer el primer equipo europeo en ganar una final en Am\u00e9rica en realmente incre\u00edble\u00bb, destac\u00f3 el defensor.<\/p>\n<p style=\"text-align: justify;\">\u00abEs absolutamente incre\u00edble (&#8230;) realmente somos campeones ahora. Un sue\u00f1o se hizo realidad para nosotros los alemanes y finalmente ganamos el trofeo de nuevo\u00bb, dijo el arquero germano Manuel Neuer en la p\u00e1gina web de la FIFA (www.fifa.com).<span id=\"midArticle_byline\"><\/span><\/p>\n<p style=\"text-align: justify;\">\u00abLo quisimos por tanto tiempo. Era nuestro momento de nuevo. Todos dieron todo para poder ganarlo y creo que lo merec\u00edamos tambi\u00e9n\u00bb, agreg\u00f3 Neuer, elegido mejor arquero del torneo.<\/p>\n<p style=\"text-align: justify;\">El golazo de G\u00f6tze en el final eclips\u00f3 al astro argentino Lionel Messi, quien se vio apagado durante el partido pero tras la final recibi\u00f3 el Bal\u00f3n de Oro al mejor jugador del torneo.<\/p>\n<p style=\"text-align: justify;\">\u00abLe dije &#8216;entra y mu\u00e9strale al mundo que eres mejor que (capit\u00e1n argentino) Lionel Messi y que puedes decidir el partido esta noche'\u00bb, coment\u00f3 el t\u00e9cnico germano Joachim L\u00f6w a periodistas, en referencia al momento en que decidi\u00f3 el ingreso de G\u00f6tze por Miroslav Klose cuando finalizaba el tiempo reglamentario.<\/p>\n<p style=\"text-align: justify;\">Para Argentina, en tanto, la tristeza de perder la final se conjugaba por el desempe\u00f1o del equipo, que fue mejorando con el correr de los partidos.<\/p>\n<p style=\"text-align: justify;\">\u00abLa tristeza de no haber podido ganar el torneo, pero muy orgulloso del equipo, que hizo un partidazo (&#8230;) Felicito a los jugadores, que son un orgullo para el pa\u00eds por el esfuerzo que hicieron y el campeonato que hicieron\u00bb, dijo tras el partido el entrenador argentino Alejandro Sabella.<\/p>\n<p style=\"text-align: justify;\">Alemania sali\u00f3 con todo en el inicio del partido, presionando bien arriba a Argentina con Thomas M\u00fcller muy movedizo, mientras que el elenco sudamericano se plant\u00f3 en su campo para tratar de avanzar de contraataque.<\/p>\n<p style=\"text-align: justify;\">El conjunto europeo sufri\u00f3 un percance inesperado poco antes del inicio del partido, ya que el mediocampista Sami Khedira qued\u00f3 fuera del equipo tras sufrir un problema muscular y fue reemplazado por Christoph Kramer.<\/p>\n<p style=\"text-align: justify;\">Argentina tuvo la primera posibilidad a los cuatro minutos, cuando Gonzalo Higua\u00edn remat\u00f3 desviado tras un r\u00e1pido contraataque, una v\u00eda por la que incomod\u00f3 dos veces m\u00e1s a su rival en los primeros 10 minutos.<\/p>\n<p style=\"text-align: justify;\">Alemania buscaba a su delantero Klose, un hombre que le marc\u00f3 a Argentina en los partidos entre ambos de los \u00faltimos dos Mundiales, pero la zaga \u00abalbiceleste\u00bb estaba bien parada y sus centrales mostraron solidez por arriba y por abajo.<span id=\"midArticle_byline\"><\/span><\/p>\n<p style=\"text-align: justify;\">A los 20, Higua\u00edn qued\u00f3 sin marca frente al arquero tras un grosero error de Toni Kroos, pero se apur\u00f3 y remat\u00f3 desviado. El delantero del Napoli anot\u00f3 a los 30 tras un pase de Ezequiel Lavezzi, pero la jugada fue anulada por posici\u00f3n adelantada.<\/p>\n<p style=\"text-align: justify;\"><strong>MEJORA ALEMANIA<\/strong><\/p>\n<p style=\"text-align: justify;\">Alemania tuvo mucho m\u00e1s el bal\u00f3n durante el primer tiempo, pero cre\u00f3 poco peligro ante la valla de Sergio Romero. Y Argentina asustaba cada vez que lograba salir del asedio con las corridas de Lavezzi y alg\u00fan intento individual de Messi.<\/p>\n<p style=\"text-align: justify;\">A los 36, Romero tap\u00f3 un potente remate de Sch\u00fcrrle, quien minutos antes hab\u00eda reemplazado al lesionado Kramer.<\/p>\n<p style=\"text-align: justify;\">El final del primer tiempo fue de Alemania. A los 43, una gran jugada combinada de los europeos en ataque por derecha tras un error de Javier Mascherano termin\u00f3 con un cambio de frente y el remate de Kroos fue salvado por Romero. Y en la jugada final, un cabezazo de Benedikt H\u00f6wedes a la salida de un tiro de esquina dio en un poste del arco de Romero.<\/p>\n<p style=\"text-align: justify;\">El t\u00e9cnico de Argentina hizo ingresar a Sergio Ag\u00fcero por Lavezzi en la segunda parte y su equipo pareci\u00f3 m\u00e1s decidido en ataque, con Messi rematando apenas desviado a los 47 tras un pase de Lucas Biglia. Y casi nada pas\u00f3 hasta los 59, cuando Romero contuvo un cabezazo de Klose.<\/p>\n<p style=\"text-align: justify;\">Con el elenco sudamericano m\u00e1s adelantado en el campo, Jerome Boateng se fue de a poco convirtiendo en una muralla en la zaga. Pero pese a la solidez defensiva, Alemania careci\u00f3 de juego asociado por la opaca tarea de Mesut Ozil.<\/p>\n<p style=\"text-align: justify;\">A los 81 Alemania volvi\u00f3 a estar cerca cuando Kroos defini\u00f3 desviado tras un veloz ataque por derecha. En el final se produjeron muchas imprecisiones de los dos lados, con los jugadores mostrando cansancio.<span id=\"midArticle_byline\"><\/span><\/p>\n<p style=\"text-align: justify;\">Alemania pareci\u00f3 recuperar el \u00e1nimo, y a los 91 Romero rechaz\u00f3 con los pu\u00f1os un potente remate de Sch\u00fcrrle. Argentina contest\u00f3 con un tiro desviado de Ag\u00fcero en la jugada siguiente.<\/p>\n<p style=\"text-align: justify;\">Palacio volvi\u00f3 a estar cerca a los 97 cuando defini\u00f3 encima de Neuer tras bajar la pelota con el pecho, pero su remate sali\u00f3 desviado.<\/p>\n<p style=\"text-align: justify;\">Y esa ineficacia de los delanteros fue la culpable de no poder celebrar el triunfo, seg\u00fan Sabella y el propio Messi.<\/p>\n<p style=\"text-align: justify;\">\u00abHoy era el d\u00eda (para ganar la Copa). No tuvimos la suerte y no supimos definir (&#8230;) tuvimos las situaciones m\u00e1s claras y no pudimos hacerlo\u00bb, dijo Messi a periodistas tras el partido.<\/p>\n<p style=\"text-align: justify;\"><strong>A LARGO PLAZO<\/strong><\/p>\n<p style=\"text-align: justify;\">En el tiempo suplementario, cuando las fuerzas de Argentina flaqueaban, miles de hinchas comenzaron a cantar el himno, tratando de darle fuerza a sus futbolistas.<\/p>\n<p style=\"text-align: justify;\">Pero cuando el partido parec\u00eda encaminarse a una nueva definici\u00f3n por penales, la genialidad de G\u00f6tze le dio el t\u00edtulo a Alemania. Una victoria que estuvo planeando desde hace 10 a\u00f1os.<\/p>\n<p style=\"text-align: justify;\">Tras quedar eliminados en la fase de grupos de la Eurocopa 2000 y 2004, los alemanes idearon un plan que siguieron meticulosamente para alcanzar su cuarto t\u00edtulo mundial.<span id=\"midArticle_byline\"><\/span><\/p>\n<p style=\"text-align: justify;\">\u00abCreo que estuvimos 50 d\u00edas juntos, pero este es un proyecto que comenzamos hace 10 a\u00f1os\u00bb, dijo L\u00f6w, de 54 a\u00f1os, tras el triunfo.<\/p>\n<p style=\"text-align: justify;\">\u00abLo iniciamos con J\u00fcrgen Klinsmann (despu\u00e9s del 2004) y luego lo continuamos. Nuestra mayor fortaleza es que mejoramos con el correr de los a\u00f1os incluso si no pudimos dar ese \u00faltimo paso en (otros) torneos\u00bb, agreg\u00f3.<\/p>\n<p style=\"text-align: center;\"><img loading=\"lazy\" decoding=\"async\" class=\"alignnone size-full wp-image-13810\" src=\"http:\/\/gradadigital.com\/home\/wp-content\/uploads\/2014\/07\/estadio_maracana_alemania_argentina_13072014.jpg\" alt=\"estadio_maracana_alemania_argentina_13072014\" width=\"682\" height=\"396\" srcset=\"http:\/\/gradadigital.com\/home\/wp-content\/uploads\/2014\/07\/estadio_maracana_alemania_argentina_13072014.jpg 682w, http:\/\/gradadigital.com\/home\/wp-content\/uploads\/2014\/07\/estadio_maracana_alemania_argentina_13072014-300x174.jpg 300w\" sizes=\"auto, (max-width: 682px) 100vw, 682px\" \/><\/p>\n<p style=\"text-align: center;\"><img loading=\"lazy\" decoding=\"async\" class=\"alignnone size-full wp-image-13809\" src=\"http:\/\/gradadigital.com\/home\/wp-content\/uploads\/2014\/07\/demichelis_toni_kroos_alemania_argentina_13072014.jpg\" alt=\"demichelis_toni_kroos_alemania_argentina_13072014\" width=\"682\" height=\"396\" srcset=\"http:\/\/gradadigital.com\/home\/wp-content\/uploads\/2014\/07\/demichelis_toni_kroos_alemania_argentina_13072014.jpg 682w, http:\/\/gradadigital.com\/home\/wp-content\/uploads\/2014\/07\/demichelis_toni_kroos_alemania_argentina_13072014-300x174.jpg 300w\" sizes=\"auto, (max-width: 682px) 100vw, 682px\" \/><\/p>\n<p style=\"text-align: center;\"><img loading=\"lazy\" decoding=\"async\" class=\"alignnone size-full wp-image-13808\" src=\"http:\/\/gradadigital.com\/home\/wp-content\/uploads\/2014\/07\/bastian_schweinsteiger_alemania_argentina_13072014.jpg\" alt=\"bastian_schweinsteiger_alemania_argentina_13072014\" width=\"397\" height=\"596\" srcset=\"http:\/\/gradadigital.com\/home\/wp-content\/uploads\/2014\/07\/bastian_schweinsteiger_alemania_argentina_13072014.jpg 397w, http:\/\/gradadigital.com\/home\/wp-content\/uploads\/2014\/07\/bastian_schweinsteiger_alemania_argentina_13072014-199x300.jpg 199w\" sizes=\"auto, (max-width: 397px) 100vw, 397px\" \/><\/p>\n<p style=\"text-align: center;\"><img loading=\"lazy\" decoding=\"async\" class=\"alignnone size-full wp-image-13814\" src=\"http:\/\/gradadigital.com\/home\/wp-content\/uploads\/2014\/07\/mario_gotze_alemania_argentina_13072014.jpg\" alt=\"mario_gotze_alemania_argentina_13072014\" width=\"682\" height=\"396\" srcset=\"http:\/\/gradadigital.com\/home\/wp-content\/uploads\/2014\/07\/mario_gotze_alemania_argentina_13072014.jpg 682w, http:\/\/gradadigital.com\/home\/wp-content\/uploads\/2014\/07\/mario_gotze_alemania_argentina_13072014-300x174.jpg 300w\" sizes=\"auto, (max-width: 682px) 100vw, 682px\" \/><\/p>\n<p style=\"text-align: center;\"><img loading=\"lazy\" decoding=\"async\" class=\"alignnone size-full wp-image-13813\" src=\"http:\/\/gradadigital.com\/home\/wp-content\/uploads\/2014\/07\/alemania_argentina_13072014.jpg\" alt=\"alemania_argentina_13072014\" width=\"682\" height=\"396\" srcset=\"http:\/\/gradadigital.com\/home\/wp-content\/uploads\/2014\/07\/alemania_argentina_13072014.jpg 682w, http:\/\/gradadigital.com\/home\/wp-content\/uploads\/2014\/07\/alemania_argentina_13072014-300x174.jpg 300w\" sizes=\"auto, (max-width: 682px) 100vw, 682px\" \/><\/p>\n<p style=\"text-align: center;\"><img loading=\"lazy\" decoding=\"async\" class=\"alignnone size-full wp-image-13812\" src=\"http:\/\/gradadigital.com\/home\/wp-content\/uploads\/2014\/07\/rodrigo_palacio_alemania_argentina_13072014.jpg\" alt=\"rodrigo_palacio_alemania_argentina_13072014\" width=\"682\" height=\"396\" srcset=\"http:\/\/gradadigital.com\/home\/wp-content\/uploads\/2014\/07\/rodrigo_palacio_alemania_argentina_13072014.jpg 682w, http:\/\/gradadigital.com\/home\/wp-content\/uploads\/2014\/07\/rodrigo_palacio_alemania_argentina_13072014-300x174.jpg 300w\" sizes=\"auto, (max-width: 682px) 100vw, 682px\" \/><\/p>\n<p style=\"text-align: center;\"><img loading=\"lazy\" decoding=\"async\" class=\"alignnone size-full wp-image-13807\" src=\"http:\/\/gradadigital.com\/home\/wp-content\/uploads\/2014\/07\/messi_oezil_ozil_alemania_argentina_13072014.jpg\" alt=\"messi_oezil_ozil_alemania_argentina_13072014\" width=\"397\" height=\"596\" srcset=\"http:\/\/gradadigital.com\/home\/wp-content\/uploads\/2014\/07\/messi_oezil_ozil_alemania_argentina_13072014.jpg 397w, http:\/\/gradadigital.com\/home\/wp-content\/uploads\/2014\/07\/messi_oezil_ozil_alemania_argentina_13072014-199x300.jpg 199w\" sizes=\"auto, (max-width: 397px) 100vw, 397px\" \/><\/p>\n<p style=\"text-align: center;\"><img loading=\"lazy\" decoding=\"async\" class=\"alignnone size-full wp-image-13815\" src=\"http:\/\/gradadigital.com\/home\/wp-content\/uploads\/2014\/07\/alemania_campeon_13072014.jpg\" alt=\"alemania_campeon_13072014\" width=\"682\" height=\"396\" srcset=\"http:\/\/gradadigital.com\/home\/wp-content\/uploads\/2014\/07\/alemania_campeon_13072014.jpg 682w, http:\/\/gradadigital.com\/home\/wp-content\/uploads\/2014\/07\/alemania_campeon_13072014-300x174.jpg 300w\" sizes=\"auto, (max-width: 682px) 100vw, 682px\" \/><\/p>\n<p>&nbsp;<\/p>\n","protected":false},"excerpt":{"rendered":"<p>RIO DE JANEIRO, 13 jul (Reuters) &#8211; La selecci\u00f3n alemana de f\u00fatbol derrot\u00f3 el domingo 1-0 a Argentina para levantar su cuarta Copa del Mundo, 24 a\u00f1os despu\u00e9s de su \u00faltima conquista ante el mismo rival. El equipo europeo marc\u00f3 a los 112 minutos con un remate esquinado de Mario G\u00f6tze luego de matar la &#8230;<\/p>\n","protected":false},"author":4,"featured_media":13815,"comment_status":"closed","ping_status":"closed","sticky":false,"template":"","format":"standard","meta":{"footnotes":""},"categories":[43,752,25,445,36],"tags":[],"class_list":["post-13806","post","type-post","status-publish","format-standard","has-post-thumbnail","hentry","category-fotos","category-appgd","category-area-grafica","category-brasil-2014","category-internacional"],"_links":{"self":[{"href":"http:\/\/gradadigital.com\/home\/wp-json\/wp\/v2\/posts\/13806","targetHints":{"allow":["GET"]}}],"collection":[{"href":"http:\/\/gradadigital.com\/home\/wp-json\/wp\/v2\/posts"}],"about":[{"href":"http:\/\/gradadigital.com\/home\/wp-json\/wp\/v2\/types\/post"}],"author":[{"embeddable":true,"href":"http:\/\/gradadigital.com\/home\/wp-json\/wp\/v2\/users\/4"}],"replies":[{"embeddable":true,"href":"http:\/\/gradadigital.com\/home\/wp-json\/wp\/v2\/comments?post=13806"}],"version-history":[{"count":1,"href":"http:\/\/gradadigital.com\/home\/wp-json\/wp\/v2\/posts\/13806\/revisions"}],"predecessor-version":[{"id":13816,"href":"http:\/\/gradadigital.com\/home\/wp-json\/wp\/v2\/posts\/13806\/revisions\/13816"}],"wp:featuredmedia":[{"embeddable":true,"href":"http:\/\/gradadigital.com\/home\/wp-json\/wp\/v2\/media\/13815"}],"wp:attachment":[{"href":"http:\/\/gradadigital.com\/home\/wp-json\/wp\/v2\/media?parent=13806"}],"wp:term":[{"taxonomy":"category","embeddable":true,"href":"http:\/\/gradadigital.com\/home\/wp-json\/wp\/v2\/categories?post=13806"},{"taxonomy":"post_tag","embeddable":true,"href":"http:\/\/gradadigital.com\/home\/wp-json\/wp\/v2\/tags?post=13806"}],"curies":[{"name":"wp","href":"https:\/\/api.w.org\/{rel}","templated":true}]}}