{"id":13801,"date":"2014-07-11T11:00:53","date_gmt":"2014-07-11T15:30:53","guid":{"rendered":"http:\/\/gradadigital.com\/home\/?p=13801"},"modified":"2014-07-11T11:00:53","modified_gmt":"2014-07-11T15:30:53","slug":"robben-argentina-sin-posibilidades-de-ser-campeon","status":"publish","type":"post","link":"http:\/\/gradadigital.com\/home\/robben-argentina-sin-posibilidades-de-ser-campeon\/","title":{"rendered":"Robben: \u00abArgentina, sin posibilidades de ser Campe\u00f3n\u00bb"},"content":{"rendered":"<p style=\"text-align: center;\"><img loading=\"lazy\" decoding=\"async\" class=\"alignnone size-full wp-image-13281\" src=\"http:\/\/gradadigital.com\/home\/wp-content\/uploads\/2014\/06\/arjen_robben_holanda_chile_23062014_3.jpg\" alt=\"arjen_robben_holanda_chile_23062014_3\" width=\"682\" height=\"396\" srcset=\"http:\/\/gradadigital.com\/home\/wp-content\/uploads\/2014\/06\/arjen_robben_holanda_chile_23062014_3.jpg 682w, http:\/\/gradadigital.com\/home\/wp-content\/uploads\/2014\/06\/arjen_robben_holanda_chile_23062014_3-300x174.jpg 300w\" sizes=\"auto, (max-width: 682px) 100vw, 682px\" \/><\/p>\n<p style=\"text-align: justify;\"><strong>EFE &#8211;<\/strong> Arjen Robben, el mejor jugador de Holanda en este Mundial, afirm\u00f3 este jueves que Alemania conquistar\u00e1 el t\u00edtulo este domingo en el Estadio Maracan\u00e1, porque Argentina no tiene posibilidades.<\/p>\n<p style=\"text-align: justify;\">\u00abNo tengo dudas de que ser\u00e1 Alemania (el Campe\u00f3n). Argentina no tiene ninguna posibilidad de ganar\u00bb, expres\u00f3 el delantero del Bayern Munich alem\u00e1n antes de desplazarse con su equipo a Brasilia, donde el s\u00e1bado jugar\u00e1n por el tercer puesto frente a Brasil.<\/p>\n<p style=\"text-align: justify;\">Robben afirm\u00f3 que Holanda desaprovech\u00f3 las oportunidades que tuvo para vencer a Argentina en el partido de las Semifinales jugado el mi\u00e9rcoles en Sao Paulo.<\/p>\n<p style=\"text-align: justify;\">Admiti\u00f3 su frustraci\u00f3n por no haber llegado a la Final, en la que esperaban imponerse por primera vez en su historia, distinto de lo ocurrido en las ediciones de 2010, 1978 y 1974.<\/p>\n","protected":false},"excerpt":{"rendered":"<p>EFE &#8211; Arjen Robben, el mejor jugador de Holanda en este Mundial, afirm\u00f3 este jueves que Alemania conquistar\u00e1 el t\u00edtulo este domingo en el Estadio Maracan\u00e1, porque Argentina no tiene posibilidades. \u00abNo tengo dudas de que ser\u00e1 Alemania (el Campe\u00f3n). Argentina no tiene ninguna posibilidad de ganar\u00bb, expres\u00f3 el delantero del Bayern Munich alem\u00e1n antes &#8230;<\/p>\n","protected":false},"author":4,"featured_media":13281,"comment_status":"closed","ping_status":"closed","sticky":false,"template":"","format":"standard","meta":{"footnotes":""},"categories":[752,445,36],"tags":[],"class_list":["post-13801","post","type-post","status-publish","format-standard","has-post-thumbnail","hentry","category-appgd","category-brasil-2014","category-internacional"],"_links":{"self":[{"href":"http:\/\/gradadigital.com\/home\/wp-json\/wp\/v2\/posts\/13801","targetHints":{"allow":["GET"]}}],"collection":[{"href":"http:\/\/gradadigital.com\/home\/wp-json\/wp\/v2\/posts"}],"about":[{"href":"http:\/\/gradadigital.com\/home\/wp-json\/wp\/v2\/types\/post"}],"author":[{"embeddable":true,"href":"http:\/\/gradadigital.com\/home\/wp-json\/wp\/v2\/users\/4"}],"replies":[{"embeddable":true,"href":"http:\/\/gradadigital.com\/home\/wp-json\/wp\/v2\/comments?post=13801"}],"version-history":[{"count":1,"href":"http:\/\/gradadigital.com\/home\/wp-json\/wp\/v2\/posts\/13801\/revisions"}],"predecessor-version":[{"id":13802,"href":"http:\/\/gradadigital.com\/home\/wp-json\/wp\/v2\/posts\/13801\/revisions\/13802"}],"wp:featuredmedia":[{"embeddable":true,"href":"http:\/\/gradadigital.com\/home\/wp-json\/wp\/v2\/media\/13281"}],"wp:attachment":[{"href":"http:\/\/gradadigital.com\/home\/wp-json\/wp\/v2\/media?parent=13801"}],"wp:term":[{"taxonomy":"category","embeddable":true,"href":"http:\/\/gradadigital.com\/home\/wp-json\/wp\/v2\/categories?post=13801"},{"taxonomy":"post_tag","embeddable":true,"href":"http:\/\/gradadigital.com\/home\/wp-json\/wp\/v2\/tags?post=13801"}],"curies":[{"name":"wp","href":"https:\/\/api.w.org\/{rel}","templated":true}]}}