{"id":13747,"date":"2014-07-09T20:23:01","date_gmt":"2014-07-10T00:53:01","guid":{"rendered":"http:\/\/gradadigital.com\/home\/?p=13747"},"modified":"2014-07-09T20:34:44","modified_gmt":"2014-07-10T01:04:44","slug":"fotos-como-en-el-90-argentina-se-medira-ante-alemania","status":"publish","type":"post","link":"http:\/\/gradadigital.com\/home\/fotos-como-en-el-90-argentina-se-medira-ante-alemania\/","title":{"rendered":"+FOTOS | Como en el 90: Argentina se medir\u00e1 ante Alemania"},"content":{"rendered":"<p style=\"text-align: center;\"><img loading=\"lazy\" decoding=\"async\" class=\"alignnone size-full wp-image-13752\" src=\"http:\/\/gradadigital.com\/home\/wp-content\/uploads\/2014\/07\/romero_holanda_argentina_09072014_2.jpg\" alt=\"romero_holanda_argentina_09072014_2\" width=\"682\" height=\"396\" srcset=\"http:\/\/gradadigital.com\/home\/wp-content\/uploads\/2014\/07\/romero_holanda_argentina_09072014_2.jpg 682w, http:\/\/gradadigital.com\/home\/wp-content\/uploads\/2014\/07\/romero_holanda_argentina_09072014_2-300x174.jpg 300w\" sizes=\"auto, (max-width: 682px) 100vw, 682px\" \/><\/p>\n<p style=\"text-align: justify;\"><strong>Mariann Garc\u00eda.-<\/strong>\u00a0Argentina dej\u00f3 atr\u00e1s veinticuatro a\u00f1os sin final de Copa Mundial y lo hizo en un d\u00eda especial para su pa\u00eds, la celebraci\u00f3n de la independencia. Messi no fue la estrella, no vivieron de su dependencia sino de un colectivo que se impuso en los penales ante Holanda. Este domingo 13 de julio, se volver\u00e1n a ver las caras con Alemania, se repetir\u00e1 la historia de 1986 y 1990.<\/p>\n<p style=\"text-align: justify;\">Desde el primer minuto en el campo de Sao Paulo la cancha fue un tablero de ajedrez, el\u00a0\u00a0m\u00e1s inteligente llevaba el ritmo, tanto Sabella como Van Gaal hicieron su trabajo estrat\u00e9gico, sali\u00e9ndole mejor en la primera parte a los argentinos. Messi estaba anulado por De Jong, mientas que Robben y Van Persie se aburrieron gracias a Mascherano.<\/p>\n<p style=\"text-align: justify;\">En los primeros cuarenta y cinco minutos la naranja solo tuvo una llegada y Argentina dos, las cuales fueron con par de tiro libre de Lionel Messi y Ezequiel Garay. La posesi\u00f3n era de la Albiceleste; sin embargo, no hubo contundencia.<\/p>\n<p style=\"text-align: justify;\">Al regresar del descanso la mec\u00e1nica naranja meti\u00f3 m\u00e1s presi\u00f3n, se adue\u00f1\u00f3 un poco del bal\u00f3n, toques entre jugadores. Gonzalo Higua\u00edn tuvo la m\u00e1s peligrosa despu\u00e9s de un pase que le lanz\u00f3 Lavezzi\u00a0\u00a0y no cont\u00f3 con\u00a0\u00a0la suerte de anotar la m\u00e1s clara. Arjen Robben estaba aburrido, Javier Mascherano no lo dej\u00f3 hacer nada, aunque en los \u00faltimos instantes del tiempo reglamentario se logr\u00f3 escabullir y asust\u00f3 por momentos.<\/p>\n<p style=\"text-align: justify;\">En el alargue se repiti\u00f3 el mismo gui\u00f3n, con menos ritmo y m\u00e1s cansancio. Los reci\u00e9n ingresado no pudieron acertar de cabeza en par de ocasiones, Rodrigo Palacio y Maxi Rodr\u00edguez tuvieron el chance de ahorrar los penales a su naci\u00f3n, pero llegaron hasta ah\u00ed para que Romero se convirtiera en el h\u00e9roe de Argentina.<\/p>\n<p style=\"text-align: justify;\">Las estad\u00edsticas de este arquero no eran nada alentadoras, fue uno de los m\u00e1s criticados antes del Mundial y este mi\u00e9rcoles 9 de julio su nombre qued\u00f3 en la historia del f\u00fatbol argentino al parar dos penales, uno a Ron Vlaar y otro a\u00a0\u00a0Wesley Sneijder.\u00a0\u00a0El \u00faltimo en cobrar fue Maxi,\u00a0\u00a0lo hizo perfecto y toda Argentina celebr\u00f3 el volver a jugar una final del Mundial.\u00a0\u00a0Este domingo 13 de julio, sabremos qui\u00e9n har\u00e1 un \u201cMaracanazo\u201d, todos a la expectativa de c\u00f3mo se muevan las piezas en el campo.<\/p>\n<p style=\"text-align: center;\"><strong>FOTOS<\/strong><\/p>\n<p style=\"text-align: center;\"><img loading=\"lazy\" decoding=\"async\" class=\"alignnone size-full wp-image-13760\" src=\"http:\/\/gradadigital.com\/home\/wp-content\/uploads\/2014\/07\/romero_vlaar_holanda_argentina_09072014.jpg\" alt=\"romero_vlaar_holanda_argentina_09072014\" width=\"682\" height=\"396\" srcset=\"http:\/\/gradadigital.com\/home\/wp-content\/uploads\/2014\/07\/romero_vlaar_holanda_argentina_09072014.jpg 682w, http:\/\/gradadigital.com\/home\/wp-content\/uploads\/2014\/07\/romero_vlaar_holanda_argentina_09072014-300x174.jpg 300w\" sizes=\"auto, (max-width: 682px) 100vw, 682px\" \/><\/p>\n<p style=\"text-align: center;\"><img loading=\"lazy\" decoding=\"async\" class=\"alignnone size-full wp-image-13759\" src=\"http:\/\/gradadigital.com\/home\/wp-content\/uploads\/2014\/07\/vlaar_holanda_argentina_09072014.jpg\" alt=\"vlaar_holanda_argentina_09072014\" width=\"682\" height=\"396\" srcset=\"http:\/\/gradadigital.com\/home\/wp-content\/uploads\/2014\/07\/vlaar_holanda_argentina_09072014.jpg 682w, http:\/\/gradadigital.com\/home\/wp-content\/uploads\/2014\/07\/vlaar_holanda_argentina_09072014-300x174.jpg 300w\" sizes=\"auto, (max-width: 682px) 100vw, 682px\" \/><\/p>\n<p style=\"text-align: center;\"><img loading=\"lazy\" decoding=\"async\" class=\"alignnone size-full wp-image-13758\" src=\"http:\/\/gradadigital.com\/home\/wp-content\/uploads\/2014\/07\/lionel_messi_holanda_argentina_09072014.jpg\" alt=\"lionel_messi_holanda_argentina_09072014\" width=\"682\" height=\"396\" srcset=\"http:\/\/gradadigital.com\/home\/wp-content\/uploads\/2014\/07\/lionel_messi_holanda_argentina_09072014.jpg 682w, http:\/\/gradadigital.com\/home\/wp-content\/uploads\/2014\/07\/lionel_messi_holanda_argentina_09072014-300x174.jpg 300w\" sizes=\"auto, (max-width: 682px) 100vw, 682px\" \/><\/p>\n<p style=\"text-align: center;\"><img loading=\"lazy\" decoding=\"async\" class=\"alignnone size-full wp-image-13757\" src=\"http:\/\/gradadigital.com\/home\/wp-content\/uploads\/2014\/07\/sergio_romero_holanda_argentina_09072014.jpg\" alt=\"sergio_romero_holanda_argentina_09072014\" width=\"397\" height=\"596\" srcset=\"http:\/\/gradadigital.com\/home\/wp-content\/uploads\/2014\/07\/sergio_romero_holanda_argentina_09072014.jpg 397w, http:\/\/gradadigital.com\/home\/wp-content\/uploads\/2014\/07\/sergio_romero_holanda_argentina_09072014-199x300.jpg 199w\" sizes=\"auto, (max-width: 397px) 100vw, 397px\" \/><\/p>\n<p style=\"text-align: center;\"><img loading=\"lazy\" decoding=\"async\" class=\"alignnone size-full wp-image-13756\" src=\"http:\/\/gradadigital.com\/home\/wp-content\/uploads\/2014\/07\/maxi_rodriguez_holanda_chile_09072014.jpg\" alt=\"maxi_rodriguez_holanda_chile_09072014\" width=\"682\" height=\"396\" srcset=\"http:\/\/gradadigital.com\/home\/wp-content\/uploads\/2014\/07\/maxi_rodriguez_holanda_chile_09072014.jpg 682w, http:\/\/gradadigital.com\/home\/wp-content\/uploads\/2014\/07\/maxi_rodriguez_holanda_chile_09072014-300x174.jpg 300w\" sizes=\"auto, (max-width: 682px) 100vw, 682px\" \/><\/p>\n<p style=\"text-align: center;\"><img loading=\"lazy\" decoding=\"async\" class=\"alignnone size-full wp-image-13755\" src=\"http:\/\/gradadigital.com\/home\/wp-content\/uploads\/2014\/07\/maxi_rodriguez_holanda_chile_09072014_2.jpg\" alt=\"maxi_rodriguez_holanda_chile_09072014_2\" width=\"397\" height=\"596\" srcset=\"http:\/\/gradadigital.com\/home\/wp-content\/uploads\/2014\/07\/maxi_rodriguez_holanda_chile_09072014_2.jpg 397w, http:\/\/gradadigital.com\/home\/wp-content\/uploads\/2014\/07\/maxi_rodriguez_holanda_chile_09072014_2-199x300.jpg 199w\" sizes=\"auto, (max-width: 397px) 100vw, 397px\" \/><\/p>\n<p style=\"text-align: center;\"><img loading=\"lazy\" decoding=\"async\" class=\"alignnone size-full wp-image-13754\" src=\"http:\/\/gradadigital.com\/home\/wp-content\/uploads\/2014\/07\/holanda_argentina_09072014.jpg\" alt=\"holanda_argentina_09072014\" width=\"682\" height=\"396\" srcset=\"http:\/\/gradadigital.com\/home\/wp-content\/uploads\/2014\/07\/holanda_argentina_09072014.jpg 682w, http:\/\/gradadigital.com\/home\/wp-content\/uploads\/2014\/07\/holanda_argentina_09072014-300x174.jpg 300w\" sizes=\"auto, (max-width: 682px) 100vw, 682px\" \/><\/p>\n<p style=\"text-align: center;\"><img loading=\"lazy\" decoding=\"async\" class=\"alignnone size-full wp-image-13752\" src=\"http:\/\/gradadigital.com\/home\/wp-content\/uploads\/2014\/07\/romero_holanda_argentina_09072014_2.jpg\" alt=\"romero_holanda_argentina_09072014_2\" width=\"682\" height=\"396\" srcset=\"http:\/\/gradadigital.com\/home\/wp-content\/uploads\/2014\/07\/romero_holanda_argentina_09072014_2.jpg 682w, http:\/\/gradadigital.com\/home\/wp-content\/uploads\/2014\/07\/romero_holanda_argentina_09072014_2-300x174.jpg 300w\" sizes=\"auto, (max-width: 682px) 100vw, 682px\" \/><\/p>\n<p style=\"text-align: center;\"><img loading=\"lazy\" decoding=\"async\" class=\"alignnone size-full wp-image-13751\" src=\"http:\/\/gradadigital.com\/home\/wp-content\/uploads\/2014\/07\/maxi_rodriguez_holanda_argentina_09072014.jpg\" alt=\"maxi_rodriguez_holanda_argentina_09072014\" width=\"682\" height=\"396\" srcset=\"http:\/\/gradadigital.com\/home\/wp-content\/uploads\/2014\/07\/maxi_rodriguez_holanda_argentina_09072014.jpg 682w, http:\/\/gradadigital.com\/home\/wp-content\/uploads\/2014\/07\/maxi_rodriguez_holanda_argentina_09072014-300x174.jpg 300w\" sizes=\"auto, (max-width: 682px) 100vw, 682px\" \/><\/p>\n<p style=\"text-align: center;\"><img loading=\"lazy\" decoding=\"async\" class=\"alignnone size-full wp-image-13750\" src=\"http:\/\/gradadigital.com\/home\/wp-content\/uploads\/2014\/07\/martin_demichelis_holanda_argentina_09072014.jpg\" alt=\"martin_demichelis_holanda_argentina_09072014\" width=\"682\" height=\"396\" srcset=\"http:\/\/gradadigital.com\/home\/wp-content\/uploads\/2014\/07\/martin_demichelis_holanda_argentina_09072014.jpg 682w, http:\/\/gradadigital.com\/home\/wp-content\/uploads\/2014\/07\/martin_demichelis_holanda_argentina_09072014-300x174.jpg 300w\" sizes=\"auto, (max-width: 682px) 100vw, 682px\" \/><\/p>\n<p style=\"text-align: center;\"><img loading=\"lazy\" decoding=\"async\" class=\"alignnone size-full wp-image-13749\" src=\"http:\/\/gradadigital.com\/home\/wp-content\/uploads\/2014\/07\/lionel_messi_holanda_argentina_09072014_2.jpg\" alt=\"lionel_messi_holanda_argentina_09072014_2\" width=\"682\" height=\"396\" srcset=\"http:\/\/gradadigital.com\/home\/wp-content\/uploads\/2014\/07\/lionel_messi_holanda_argentina_09072014_2.jpg 682w, http:\/\/gradadigital.com\/home\/wp-content\/uploads\/2014\/07\/lionel_messi_holanda_argentina_09072014_2-300x174.jpg 300w\" sizes=\"auto, (max-width: 682px) 100vw, 682px\" \/><\/p>\n<p style=\"text-align: center;\"><img loading=\"lazy\" decoding=\"async\" class=\"alignnone size-full wp-image-13748\" src=\"http:\/\/gradadigital.com\/home\/wp-content\/uploads\/2014\/07\/lionel_messi_holanda_argentina_09072014_3.jpg\" alt=\"lionel_messi_holanda_argentina_09072014_3\" width=\"397\" height=\"596\" srcset=\"http:\/\/gradadigital.com\/home\/wp-content\/uploads\/2014\/07\/lionel_messi_holanda_argentina_09072014_3.jpg 397w, http:\/\/gradadigital.com\/home\/wp-content\/uploads\/2014\/07\/lionel_messi_holanda_argentina_09072014_3-199x300.jpg 199w\" sizes=\"auto, (max-width: 397px) 100vw, 397px\" \/><\/p>\n<p style=\"text-align: center;\"><img loading=\"lazy\" decoding=\"async\" class=\"alignnone size-full wp-image-13763\" src=\"http:\/\/gradadigital.com\/home\/wp-content\/uploads\/2014\/07\/aficionada_argentina_holanda_argentina_09072014.jpg\" alt=\"aficionada_argentina_holanda_argentina_09072014\" width=\"682\" height=\"396\" srcset=\"http:\/\/gradadigital.com\/home\/wp-content\/uploads\/2014\/07\/aficionada_argentina_holanda_argentina_09072014.jpg 682w, http:\/\/gradadigital.com\/home\/wp-content\/uploads\/2014\/07\/aficionada_argentina_holanda_argentina_09072014-300x174.jpg 300w\" sizes=\"auto, (max-width: 682px) 100vw, 682px\" \/><\/p>\n","protected":false},"excerpt":{"rendered":"<p>Mariann Garc\u00eda.-\u00a0Argentina dej\u00f3 atr\u00e1s veinticuatro a\u00f1os sin final de Copa Mundial y lo hizo en un d\u00eda especial para su pa\u00eds, la celebraci\u00f3n de la independencia. Messi no fue la estrella, no vivieron de su dependencia sino de un colectivo que se impuso en los penales ante Holanda. Este domingo 13 de julio, se volver\u00e1n &#8230;<\/p>\n","protected":false},"author":4,"featured_media":13752,"comment_status":"closed","ping_status":"closed","sticky":false,"template":"","format":"standard","meta":{"footnotes":""},"categories":[752,445,36],"tags":[480,186,1857,743,821,554,820,235],"class_list":["post-13747","post","type-post","status-publish","format-standard","has-post-thumbnail","hentry","category-appgd","category-brasil-2014","category-internacional","tag-alemania","tag-argentina","tag-brasil-2014","tag-champion","tag-gd","tag-holanda","tag-semifinales","tag-world-cup"],"_links":{"self":[{"href":"http:\/\/gradadigital.com\/home\/wp-json\/wp\/v2\/posts\/13747","targetHints":{"allow":["GET"]}}],"collection":[{"href":"http:\/\/gradadigital.com\/home\/wp-json\/wp\/v2\/posts"}],"about":[{"href":"http:\/\/gradadigital.com\/home\/wp-json\/wp\/v2\/types\/post"}],"author":[{"embeddable":true,"href":"http:\/\/gradadigital.com\/home\/wp-json\/wp\/v2\/users\/4"}],"replies":[{"embeddable":true,"href":"http:\/\/gradadigital.com\/home\/wp-json\/wp\/v2\/comments?post=13747"}],"version-history":[{"count":3,"href":"http:\/\/gradadigital.com\/home\/wp-json\/wp\/v2\/posts\/13747\/revisions"}],"predecessor-version":[{"id":13764,"href":"http:\/\/gradadigital.com\/home\/wp-json\/wp\/v2\/posts\/13747\/revisions\/13764"}],"wp:featuredmedia":[{"embeddable":true,"href":"http:\/\/gradadigital.com\/home\/wp-json\/wp\/v2\/media\/13752"}],"wp:attachment":[{"href":"http:\/\/gradadigital.com\/home\/wp-json\/wp\/v2\/media?parent=13747"}],"wp:term":[{"taxonomy":"category","embeddable":true,"href":"http:\/\/gradadigital.com\/home\/wp-json\/wp\/v2\/categories?post=13747"},{"taxonomy":"post_tag","embeddable":true,"href":"http:\/\/gradadigital.com\/home\/wp-json\/wp\/v2\/tags?post=13747"}],"curies":[{"name":"wp","href":"https:\/\/api.w.org\/{rel}","templated":true}]}}