{"id":13600,"date":"2014-07-01T17:07:08","date_gmt":"2014-07-01T21:37:08","guid":{"rendered":"http:\/\/gradadigital.com\/home\/?p=13600"},"modified":"2014-07-01T17:07:08","modified_gmt":"2014-07-01T21:37:08","slug":"manuel-neuer-se-llevo-los-aplausos-por-sostener-a-alemania","status":"publish","type":"post","link":"http:\/\/gradadigital.com\/home\/manuel-neuer-se-llevo-los-aplausos-por-sostener-a-alemania\/","title":{"rendered":"Manuel Neuer se llev\u00f3 los aplausos por sostener a Alemania"},"content":{"rendered":"<p style=\"text-align: center;\"><img loading=\"lazy\" decoding=\"async\" class=\"alignnone size-full wp-image-13601\" src=\"http:\/\/gradadigital.com\/home\/wp-content\/uploads\/2014\/07\/manuel_neuer_alemania_argelia_2014.jpg\" alt=\"manuel_neuer_alemania_argelia_2014\" width=\"682\" height=\"396\" srcset=\"http:\/\/gradadigital.com\/home\/wp-content\/uploads\/2014\/07\/manuel_neuer_alemania_argelia_2014.jpg 682w, http:\/\/gradadigital.com\/home\/wp-content\/uploads\/2014\/07\/manuel_neuer_alemania_argelia_2014-300x174.jpg 300w\" sizes=\"auto, (max-width: 682px) 100vw, 682px\" \/><\/p>\n<p style=\"text-align: justify;\"><strong><span class=\"articleLocation\">SANTO ANDRE Brasil<\/span>\u00a0(Reuters) &#8211;<\/strong> Manuel Neuer, el \u00faltimo de una larga serie de excelentes guardametas alemanes, se llev\u00f3 los aplausos el martes por sostener casi en solitario a una d\u00e9bil defensa germana en la victoria en tiempo extra por 2-1 frente a Argelia en los octavos de final del Mundial.<\/p>\n<p style=\"text-align: justify;\">En lo que sin dudas una de sus mejores desempe\u00f1os con su pa\u00eds, Neuer detuvo siete remates argelinos y desarm\u00f3 varios contraataques peligrosos jugando como un marcador con 19 asombrosos toques del bal\u00f3n fuera del \u00e1rea y 59 en total.<\/p>\n<p style=\"text-align: justify;\">\u00abNo cambi\u00e9 mi estilo de juego, con frecuencia he jugado as\u00ed para el Bayern Munich y la selecci\u00f3n\u00bb dijo Neuer a periodistas por sus salidas al borde del \u00e1rea.<\/p>\n<p style=\"text-align: justify;\">Aunque ya era conocido por su juego en la cancha, probablemente Neuer tuvo m\u00e1s salidas fuera del \u00e1rea contra Argelia de las que protagoniza en media temporada en el Bayern.<\/p>\n<p style=\"text-align: justify;\">\u00abTuve que jugar as\u00ed porque la cancha estaba mojada\u00bb, dijo Neuer, uno de los mejores arqueros del mundo. \u00abTuve que arriesgarme a veces\u00bb, agreg\u00f3.<\/p>\n<p style=\"text-align: justify;\">Neuer, como sus ilustres predecesores alemanes Oliver<\/p>\n<p style=\"text-align: justify;\">Kahn, Jens Lehmann, Andreas K\u00f6pke y Sepp Maier, ha sido un n\u00famero fijo para su pa\u00eds desde que debut\u00f3 en el 2009.<\/p>\n<p style=\"text-align: justify;\">Alemania perdi\u00f3 solo tres de los 49 partidos en que Neuer, de 28 a\u00f1os, estuvo en el arco, ganando 39, y espera llegar a los 50 el viernes con una victoria sobre Francia en los cuartos de final.<\/p>\n<p style=\"text-align: justify;\">\u00abCreo que todo eso debe tener explicaci\u00f3n cuando hagamos un an\u00e1lisis del partido contra Argelia\u00bb, dijo al arquero en referencia al trabajo que debi\u00f3 asumir ante el equipo del norte de Africa.<span id=\"midArticle_byline\"><\/span><\/p>\n<p style=\"text-align: justify;\">\u00abPero no quiero ser muy cr\u00edtico ahora. Estamos en la siguiente ronda. Creo que solo necesitamos reaccionar m\u00e1s r\u00e1pido\u00bb, agreg\u00f3.<\/p>\n<p style=\"text-align: justify;\">El presidente de la asociaci\u00f3n alemana de f\u00fatbol (DFB), Wolfgang Niersbach, tom\u00f3 el micr\u00f3fono del vuelo del equipo de Porto Alegre a la concentraci\u00f3n en el norte del pa\u00eds para elogiar a Neuer.<\/p>\n<p style=\"text-align: justify;\">\u00abCreo que todos podemos decir muchas gracias a nuestro n\u00famero uno hoy (lunes)\u00bb, dijo Niersbach en el avi\u00f3n, seg\u00fan un comunicado de la DFB.<\/p>\n<p style=\"text-align: justify;\">El t\u00e9cnico Joachim L\u00f6w tambi\u00e9n estaba satisfecho.<\/p>\n<p style=\"text-align: justify;\">\u00abNeuer nos salv\u00f3 de varias situaciones peligrosas porque jug\u00f3 como un marcador\u00bb, dijo el entrenador.<\/p>\n<p style=\"text-align: justify;\">\u00abSu desempe\u00f1o fue brillante y la manera en que sali\u00f3 a jugar a la cancha fue grandiosa. No tuvo mucho que hacer en la meta, pero mostr\u00f3 cu\u00e1n fuerte es lejos del arco\u00bb, agreg\u00f3.<\/p>\n<p>&nbsp;<\/p>\n","protected":false},"excerpt":{"rendered":"<p>SANTO ANDRE Brasil\u00a0(Reuters) &#8211; Manuel Neuer, el \u00faltimo de una larga serie de excelentes guardametas alemanes, se llev\u00f3 los aplausos el martes por sostener casi en solitario a una d\u00e9bil defensa germana en la victoria en tiempo extra por 2-1 frente a Argelia en los octavos de final del Mundial. En lo que sin dudas &#8230;<\/p>\n","protected":false},"author":4,"featured_media":13601,"comment_status":"closed","ping_status":"closed","sticky":false,"template":"","format":"standard","meta":{"footnotes":""},"categories":[752,445,36],"tags":[],"class_list":["post-13600","post","type-post","status-publish","format-standard","has-post-thumbnail","hentry","category-appgd","category-brasil-2014","category-internacional"],"_links":{"self":[{"href":"http:\/\/gradadigital.com\/home\/wp-json\/wp\/v2\/posts\/13600","targetHints":{"allow":["GET"]}}],"collection":[{"href":"http:\/\/gradadigital.com\/home\/wp-json\/wp\/v2\/posts"}],"about":[{"href":"http:\/\/gradadigital.com\/home\/wp-json\/wp\/v2\/types\/post"}],"author":[{"embeddable":true,"href":"http:\/\/gradadigital.com\/home\/wp-json\/wp\/v2\/users\/4"}],"replies":[{"embeddable":true,"href":"http:\/\/gradadigital.com\/home\/wp-json\/wp\/v2\/comments?post=13600"}],"version-history":[{"count":1,"href":"http:\/\/gradadigital.com\/home\/wp-json\/wp\/v2\/posts\/13600\/revisions"}],"predecessor-version":[{"id":13602,"href":"http:\/\/gradadigital.com\/home\/wp-json\/wp\/v2\/posts\/13600\/revisions\/13602"}],"wp:featuredmedia":[{"embeddable":true,"href":"http:\/\/gradadigital.com\/home\/wp-json\/wp\/v2\/media\/13601"}],"wp:attachment":[{"href":"http:\/\/gradadigital.com\/home\/wp-json\/wp\/v2\/media?parent=13600"}],"wp:term":[{"taxonomy":"category","embeddable":true,"href":"http:\/\/gradadigital.com\/home\/wp-json\/wp\/v2\/categories?post=13600"},{"taxonomy":"post_tag","embeddable":true,"href":"http:\/\/gradadigital.com\/home\/wp-json\/wp\/v2\/tags?post=13600"}],"curies":[{"name":"wp","href":"https:\/\/api.w.org\/{rel}","templated":true}]}}