{"id":13591,"date":"2014-07-01T16:41:45","date_gmt":"2014-07-01T21:11:45","guid":{"rendered":"http:\/\/gradadigital.com\/home\/?p=13591"},"modified":"2014-07-01T16:41:45","modified_gmt":"2014-07-01T21:11:45","slug":"sabella-felicito-a-los-jugadores-porque-no-perdieron-nunca-el-equilibrio","status":"publish","type":"post","link":"http:\/\/gradadigital.com\/home\/sabella-felicito-a-los-jugadores-porque-no-perdieron-nunca-el-equilibrio\/","title":{"rendered":"Sabella: \u00abFelicito a los jugadores porque no perdieron nunca el equilibrio\u00bb"},"content":{"rendered":"<p style=\"text-align: center;\"><img loading=\"lazy\" decoding=\"async\" class=\"alignnone size-full wp-image-13592\" src=\"http:\/\/gradadigital.com\/home\/wp-content\/uploads\/2014\/07\/alejandro_sabella_argentina_suiza_01072014.jpg\" alt=\"alejandro_sabella_argentina_suiza_01072014\" width=\"682\" height=\"396\" srcset=\"http:\/\/gradadigital.com\/home\/wp-content\/uploads\/2014\/07\/alejandro_sabella_argentina_suiza_01072014.jpg 682w, http:\/\/gradadigital.com\/home\/wp-content\/uploads\/2014\/07\/alejandro_sabella_argentina_suiza_01072014-300x174.jpg 300w\" sizes=\"auto, (max-width: 682px) 100vw, 682px\" \/><\/p>\n<p style=\"text-align: justify;\"><strong><span class=\"articleLocation\">SAO PAULO, 1 jul<\/span>\u00a0(Reuters) &#8211;<\/strong> Argentina mereci\u00f3 ganar el martes a Suiza sin necesidad de ir al tiempo suplementario, dijo el entrenador Alejandro Sabella, pero al final de cuentas en un Mundial lo importante es ganar.<\/p>\n<p style=\"text-align: justify;\">\u00abEs lo m\u00e1s importante\u00bb, dijo el t\u00e9cnico en una conferencia de prensa tras el partido, \u00abcasi lo \u00fanico importante\u00bb.<\/p>\n<p style=\"text-align: justify;\">Argentina derrot\u00f3 ag\u00f3nicamente 1-0 a Suiza cuando faltaban s\u00f3lo unos minutos para que el partido de octavos de final fuera definido por penales. Angel Di Mar\u00eda anot\u00f3 el \u00fanico gol del encuentro.<\/p>\n<p style=\"text-align: justify;\">\u00abFue un partido que merecimos ganar dentro de los 90 minutos\u00bb, dijo Sabella.<\/p>\n<p style=\"text-align: justify;\">\u00abEl primer tiempo fue parejo. Ellos tuvieron dos chances claras, pero en el segundo tiempo contamos con cinco o seis jugadas de gol\u00bb, a\u00f1adi\u00f3.<\/p>\n<p style=\"text-align: justify;\">Argentina busca ganar en Brasil su tercer Mundial para poner fin a casi tres d\u00e9cadas de frustraciones.<\/p>\n<p style=\"text-align: justify;\">El equipo de Sabella jugar\u00e1 el s\u00e1bado en Brasilia su partido de cuartos de final contra el ganador del choque entre Estados Unidos y B\u00e9lgica.<\/p>\n<p style=\"text-align: justify;\">\u00ab\u00bfSi ganar es lo m\u00e1s importante? Obviamente, el mundo nos est\u00e1 llevando a que sea casi lo \u00fanico\u00bb, dijo el entrenador en respuesta a una pregunta.<\/p>\n<p style=\"text-align: justify;\">Sabella destac\u00f3 las actuaciones del lateral izquierdo Marcos Rojo y del arquero Sergio Romero, quienes, dijo, eran jugadores muy cuestionados antes del inicio del Mundial.<\/p>\n<p style=\"text-align: justify;\">\u00abFelicito a los jugadores porque no perdieron nunca el equilibrio, ni entraron en la desesperaci\u00f3n por las dificultades para convertir\u00bb, dijo.<\/p>\n<p>&nbsp;<\/p>\n","protected":false},"excerpt":{"rendered":"<p>SAO PAULO, 1 jul\u00a0(Reuters) &#8211; Argentina mereci\u00f3 ganar el martes a Suiza sin necesidad de ir al tiempo suplementario, dijo el entrenador Alejandro Sabella, pero al final de cuentas en un Mundial lo importante es ganar. \u00abEs lo m\u00e1s importante\u00bb, dijo el t\u00e9cnico en una conferencia de prensa tras el partido, \u00abcasi lo \u00fanico importante\u00bb. &#8230;<\/p>\n","protected":false},"author":4,"featured_media":13592,"comment_status":"closed","ping_status":"closed","sticky":false,"template":"","format":"standard","meta":{"footnotes":""},"categories":[752,445,36],"tags":[],"class_list":["post-13591","post","type-post","status-publish","format-standard","has-post-thumbnail","hentry","category-appgd","category-brasil-2014","category-internacional"],"_links":{"self":[{"href":"http:\/\/gradadigital.com\/home\/wp-json\/wp\/v2\/posts\/13591","targetHints":{"allow":["GET"]}}],"collection":[{"href":"http:\/\/gradadigital.com\/home\/wp-json\/wp\/v2\/posts"}],"about":[{"href":"http:\/\/gradadigital.com\/home\/wp-json\/wp\/v2\/types\/post"}],"author":[{"embeddable":true,"href":"http:\/\/gradadigital.com\/home\/wp-json\/wp\/v2\/users\/4"}],"replies":[{"embeddable":true,"href":"http:\/\/gradadigital.com\/home\/wp-json\/wp\/v2\/comments?post=13591"}],"version-history":[{"count":1,"href":"http:\/\/gradadigital.com\/home\/wp-json\/wp\/v2\/posts\/13591\/revisions"}],"predecessor-version":[{"id":13593,"href":"http:\/\/gradadigital.com\/home\/wp-json\/wp\/v2\/posts\/13591\/revisions\/13593"}],"wp:featuredmedia":[{"embeddable":true,"href":"http:\/\/gradadigital.com\/home\/wp-json\/wp\/v2\/media\/13592"}],"wp:attachment":[{"href":"http:\/\/gradadigital.com\/home\/wp-json\/wp\/v2\/media?parent=13591"}],"wp:term":[{"taxonomy":"category","embeddable":true,"href":"http:\/\/gradadigital.com\/home\/wp-json\/wp\/v2\/categories?post=13591"},{"taxonomy":"post_tag","embeddable":true,"href":"http:\/\/gradadigital.com\/home\/wp-json\/wp\/v2\/tags?post=13591"}],"curies":[{"name":"wp","href":"https:\/\/api.w.org\/{rel}","templated":true}]}}