{"id":13580,"date":"2014-07-01T09:49:52","date_gmt":"2014-07-01T14:19:52","guid":{"rendered":"http:\/\/gradadigital.com\/home\/?p=13580"},"modified":"2014-07-01T09:49:52","modified_gmt":"2014-07-01T14:19:52","slug":"prensa-alemana-reconoce-mal-juego-ante-argelia","status":"publish","type":"post","link":"http:\/\/gradadigital.com\/home\/prensa-alemana-reconoce-mal-juego-ante-argelia\/","title":{"rendered":"Prensa alemana reconoce mal juego ante Argelia"},"content":{"rendered":"<p style=\"text-align: center;\"><a href=\"http:\/\/gradadigital.com\/home\/wp-content\/uploads\/2014\/07\/khedira_alemania_argelia_2014.jpg\"><img loading=\"lazy\" decoding=\"async\" class=\"alignnone size-full wp-image-13581\" src=\"http:\/\/gradadigital.com\/home\/wp-content\/uploads\/2014\/07\/khedira_alemania_argelia_2014.jpg\" alt=\"khedira_alemania_argelia_2014\" width=\"682\" height=\"396\" srcset=\"http:\/\/gradadigital.com\/home\/wp-content\/uploads\/2014\/07\/khedira_alemania_argelia_2014.jpg 682w, http:\/\/gradadigital.com\/home\/wp-content\/uploads\/2014\/07\/khedira_alemania_argelia_2014-300x174.jpg 300w\" sizes=\"auto, (max-width: 682px) 100vw, 682px\" \/><\/a><\/p>\n<p style=\"text-align: justify;\"><strong>EFE &#8211;<\/strong> La prensa alemana critic\u00f3 la victoria de la selecci\u00f3n nacional frente a Argelia (2-1), pero reconoce que el equipo tendr\u00e1 serias dificultades para ganar a su pr\u00f3ximo rival, Francia, si no mejora su juego.<\/p>\n<p style=\"text-align: justify;\">El diario popular \u00abBild\u00bb, el de mayor tirada de Europa, destac\u00f3 los tantos obtenidos por Sch\u00fcrrle y \u00d6zil, corona al guardameta Neuer como mejor jugador del combinado nacional y advierte: \u00abAs\u00ed podemos quedarnos fuera frente a Francia\u00bb.<\/p>\n<p style=\"text-align: justify;\">Con media portada del tabloide para un Sch\u00fcrrle con los brazos en alto tras marcar, el t\u00edtulo apunta que Alemania cosech\u00f3 su pase a cuartos de final \u00abtemblando frente a Argelia\u00bb y destaca los goles obtenidos en el descuento.<\/p>\n<p style=\"text-align: justify;\">El \u00abS\u00fcddeutsche Zeitung\u00bb tambi\u00e9n da su fotograf\u00eda de portada a Sch\u00fcrrle, que devolvi\u00f3 la esperanza a la selecci\u00f3n en el correoso encuentro frente al combinado norteafricano, y constata que, pese a ser uno de los favoritos, \u00abpor mucho tiempo el equipo jug\u00f3 sin embargo inseguro e impreciso\u00bb.<\/p>\n<p style=\"text-align: justify;\">Sch\u00fcrrle de nuevo copa la imagen del \u00abFrankfurter Allgemeine Zeitung\u00bb, que argumenta que el \u00absistema de juego de Joachim L\u00f6w lleg\u00f3 a sus l\u00edmites\u00bb frente a Argelia y diagnostica \u00abcarencias en la defensa exterior\u00bb que deben subsanarse para el encuentro frente a la selecci\u00f3n gala.<\/p>\n<p style=\"text-align: justify;\">El rotativo \u00abDie Welt Kompakt\u00bb habla en su titular de portada de \u00abVictoria horrorosa\u00bb y explica en el subt\u00edtulo: \u00abFue el peor partido de la selecci\u00f3n en el mundial. Fue sobre todo desastrosa la primera mitad, que dej\u00f3 sin palabras a los aficionados\u00bb.<\/p>\n<p style=\"text-align: justify;\">\u00abDe esta forma es Alemania s\u00f3lo un advenedizo en Cuartos frente a Francia\u00bb, sentencia el diario.<\/p>\n","protected":false},"excerpt":{"rendered":"<p>EFE &#8211; La prensa alemana critic\u00f3 la victoria de la selecci\u00f3n nacional frente a Argelia (2-1), pero reconoce que el equipo tendr\u00e1 serias dificultades para ganar a su pr\u00f3ximo rival, Francia, si no mejora su juego. El diario popular \u00abBild\u00bb, el de mayor tirada de Europa, destac\u00f3 los tantos obtenidos por Sch\u00fcrrle y \u00d6zil, corona &#8230;<\/p>\n","protected":false},"author":4,"featured_media":13581,"comment_status":"closed","ping_status":"closed","sticky":false,"template":"","format":"standard","meta":{"footnotes":""},"categories":[752,445,36],"tags":[],"class_list":["post-13580","post","type-post","status-publish","format-standard","has-post-thumbnail","hentry","category-appgd","category-brasil-2014","category-internacional"],"_links":{"self":[{"href":"http:\/\/gradadigital.com\/home\/wp-json\/wp\/v2\/posts\/13580","targetHints":{"allow":["GET"]}}],"collection":[{"href":"http:\/\/gradadigital.com\/home\/wp-json\/wp\/v2\/posts"}],"about":[{"href":"http:\/\/gradadigital.com\/home\/wp-json\/wp\/v2\/types\/post"}],"author":[{"embeddable":true,"href":"http:\/\/gradadigital.com\/home\/wp-json\/wp\/v2\/users\/4"}],"replies":[{"embeddable":true,"href":"http:\/\/gradadigital.com\/home\/wp-json\/wp\/v2\/comments?post=13580"}],"version-history":[{"count":1,"href":"http:\/\/gradadigital.com\/home\/wp-json\/wp\/v2\/posts\/13580\/revisions"}],"predecessor-version":[{"id":13582,"href":"http:\/\/gradadigital.com\/home\/wp-json\/wp\/v2\/posts\/13580\/revisions\/13582"}],"wp:featuredmedia":[{"embeddable":true,"href":"http:\/\/gradadigital.com\/home\/wp-json\/wp\/v2\/media\/13581"}],"wp:attachment":[{"href":"http:\/\/gradadigital.com\/home\/wp-json\/wp\/v2\/media?parent=13580"}],"wp:term":[{"taxonomy":"category","embeddable":true,"href":"http:\/\/gradadigital.com\/home\/wp-json\/wp\/v2\/categories?post=13580"},{"taxonomy":"post_tag","embeddable":true,"href":"http:\/\/gradadigital.com\/home\/wp-json\/wp\/v2\/tags?post=13580"}],"curies":[{"name":"wp","href":"https:\/\/api.w.org\/{rel}","templated":true}]}}