{"id":13574,"date":"2014-07-01T08:42:30","date_gmt":"2014-07-01T13:12:30","guid":{"rendered":"http:\/\/gradadigital.com\/home\/?p=13574"},"modified":"2014-07-01T08:42:30","modified_gmt":"2014-07-01T13:12:30","slug":"camerun-investigara-las-acusaciones-de-amano-sobre-siete-jugadores-de-su-equipo","status":"publish","type":"post","link":"http:\/\/gradadigital.com\/home\/camerun-investigara-las-acusaciones-de-amano-sobre-siete-jugadores-de-su-equipo\/","title":{"rendered":"Camer\u00fan investigar\u00e1 las acusaciones de ama\u00f1o sobre siete jugadores de su equipo"},"content":{"rendered":"<p style=\"text-align: center;\"><img loading=\"lazy\" decoding=\"async\" class=\"alignnone size-full wp-image-13575\" src=\"http:\/\/gradadigital.com\/home\/wp-content\/uploads\/2014\/07\/song_camerun_2014.jpg\" alt=\"song_camerun_2014\" width=\"682\" height=\"396\" srcset=\"http:\/\/gradadigital.com\/home\/wp-content\/uploads\/2014\/07\/song_camerun_2014.jpg 682w, http:\/\/gradadigital.com\/home\/wp-content\/uploads\/2014\/07\/song_camerun_2014-300x174.jpg 300w\" sizes=\"auto, (max-width: 682px) 100vw, 682px\" \/><\/p>\n<p style=\"text-align: justify;\"><strong><span class=\"articleLocation\">RIO DE JANEIRO, 30 jun<\/span>\u00a0(Reuters) &#8211;<\/strong> Camer\u00fan investigar\u00e1 acusaciones de que siete de sus jugadores estuvieron involucrados en arreglo de partidos en su grupo del Mundial, dijo el lunes la federaci\u00f3n de f\u00fatbol del pa\u00eds (FECAFOOT).<\/p>\n<p style=\"text-align: justify;\">La FECAFOOT dijo que se le dio instrucciones a su comit\u00e9 de \u00e9tica para investigar las acusaciones de lo que se describi\u00f3 como \u00abfraude\u00bb en sus tres partidos disputados en Brasil, especialmente una derrota de 4-0 ante Croacia en la ciudad de Manaos, en su segundo duelo por el Grupo A del torneo.<\/p>\n<p style=\"text-align: justify;\">\u00abRecientes acusaciones de fraude en torno a los tres partidos de Camer\u00fan en la Copa del Mundo 2014, especialmente Camer\u00fan versus Croacia, as\u00ed como la existencia de &#8216;siete manzanas podridas (en nuestro equipo nacional) no reflejan los valores y principios promovidos por nuestra administraci\u00f3n\u00bb, dijo la FECAFOOT en un comunicado.<\/p>\n<p style=\"text-align: justify;\">\u00abQueremos informarle al p\u00fablico general que, aunque a\u00fan no ha sido contactada por la FIFA con respecto a este tema, nuestra administraci\u00f3n ya instruy\u00f3 al Comit\u00e9 de Etica para que investigue a\u00fan m\u00e1s estas acusaciones\u00bb, agreg\u00f3 la nota.<\/p>\n<p style=\"text-align: justify;\">Las acusaciones contra Camer\u00fan se producen despu\u00e9s de que el convicto por fraude Wilson Raj Perumal predijo el resultado exacto del partido contra Croacia y la expulsi\u00f3n de un jugador de la selecci\u00f3n africana, en una discusi\u00f3n con la revista alemana Der Spiegel.<\/p>\n<p style=\"text-align: justify;\">El mediocampista de Camer\u00fan Alex Song fue expulsado antes de que terminara el primer tiempo tras un codazo en la espalda del croata Mario Mandzukic cerca de la mitad del campo.<\/p>\n<p style=\"text-align: justify;\">El partido tambi\u00e9n tuvo otro episodio controvertido cuando cerca del final Benoit Assou-Ekotto intent\u00f3 darle un golpe con la cabeza a su compa\u00f1ero de equipo Benjamin Moukandjo.<\/p>\n<p style=\"text-align: justify;\">Camer\u00fan condujo una investigaci\u00f3n sobre el hecho pero a\u00fan no ha entregado ninguna decisi\u00f3n o una posible acci\u00f3n disciplinaria.<\/p>\n<p style=\"text-align: justify;\">La selecci\u00f3n de Camer\u00fan perdi\u00f3 los tres partidos de su serie.<\/p>\n<p>&nbsp;<\/p>\n","protected":false},"excerpt":{"rendered":"<p>RIO DE JANEIRO, 30 jun\u00a0(Reuters) &#8211; Camer\u00fan investigar\u00e1 acusaciones de que siete de sus jugadores estuvieron involucrados en arreglo de partidos en su grupo del Mundial, dijo el lunes la federaci\u00f3n de f\u00fatbol del pa\u00eds (FECAFOOT). La FECAFOOT dijo que se le dio instrucciones a su comit\u00e9 de \u00e9tica para investigar las acusaciones de lo &#8230;<\/p>\n","protected":false},"author":4,"featured_media":13575,"comment_status":"closed","ping_status":"closed","sticky":false,"template":"","format":"standard","meta":{"footnotes":""},"categories":[752,445,36],"tags":[],"class_list":["post-13574","post","type-post","status-publish","format-standard","has-post-thumbnail","hentry","category-appgd","category-brasil-2014","category-internacional"],"_links":{"self":[{"href":"http:\/\/gradadigital.com\/home\/wp-json\/wp\/v2\/posts\/13574","targetHints":{"allow":["GET"]}}],"collection":[{"href":"http:\/\/gradadigital.com\/home\/wp-json\/wp\/v2\/posts"}],"about":[{"href":"http:\/\/gradadigital.com\/home\/wp-json\/wp\/v2\/types\/post"}],"author":[{"embeddable":true,"href":"http:\/\/gradadigital.com\/home\/wp-json\/wp\/v2\/users\/4"}],"replies":[{"embeddable":true,"href":"http:\/\/gradadigital.com\/home\/wp-json\/wp\/v2\/comments?post=13574"}],"version-history":[{"count":1,"href":"http:\/\/gradadigital.com\/home\/wp-json\/wp\/v2\/posts\/13574\/revisions"}],"predecessor-version":[{"id":13576,"href":"http:\/\/gradadigital.com\/home\/wp-json\/wp\/v2\/posts\/13574\/revisions\/13576"}],"wp:featuredmedia":[{"embeddable":true,"href":"http:\/\/gradadigital.com\/home\/wp-json\/wp\/v2\/media\/13575"}],"wp:attachment":[{"href":"http:\/\/gradadigital.com\/home\/wp-json\/wp\/v2\/media?parent=13574"}],"wp:term":[{"taxonomy":"category","embeddable":true,"href":"http:\/\/gradadigital.com\/home\/wp-json\/wp\/v2\/categories?post=13574"},{"taxonomy":"post_tag","embeddable":true,"href":"http:\/\/gradadigital.com\/home\/wp-json\/wp\/v2\/tags?post=13574"}],"curies":[{"name":"wp","href":"https:\/\/api.w.org\/{rel}","templated":true}]}}