{"id":13571,"date":"2014-07-01T08:37:28","date_gmt":"2014-07-01T13:07:28","guid":{"rendered":"http:\/\/gradadigital.com\/home\/?p=13571"},"modified":"2014-07-01T08:37:28","modified_gmt":"2014-07-01T13:07:28","slug":"fernandinho-basta-de-hablar-de-lo-emocional-brasil-precisa-mostrar-fuerza-en-el-campo","status":"publish","type":"post","link":"http:\/\/gradadigital.com\/home\/fernandinho-basta-de-hablar-de-lo-emocional-brasil-precisa-mostrar-fuerza-en-el-campo\/","title":{"rendered":"Fernandinho: \u00abBasta de hablar de lo emocional, Brasil precisa mostrar fuerza en el campo\u00bb"},"content":{"rendered":"<p style=\"text-align: center;\"><img loading=\"lazy\" decoding=\"async\" class=\"alignnone size-full wp-image-13572\" src=\"http:\/\/gradadigital.com\/home\/wp-content\/uploads\/2014\/07\/fernandinho_brasil_chile_28062014.jpg\" alt=\"fernandinho_brasil_chile_28062014\" width=\"682\" height=\"396\" srcset=\"http:\/\/gradadigital.com\/home\/wp-content\/uploads\/2014\/07\/fernandinho_brasil_chile_28062014.jpg 682w, http:\/\/gradadigital.com\/home\/wp-content\/uploads\/2014\/07\/fernandinho_brasil_chile_28062014-300x174.jpg 300w\" sizes=\"auto, (max-width: 682px) 100vw, 682px\" \/><\/p>\n<p style=\"text-align: justify;\"><strong><span class=\"articleLocation\">TERESOPOLIS, Brasil, 30 jun<\/span>\u00a0(Reuters) &#8211;<\/strong> La selecci\u00f3n brasile\u00f1a tiene que lograr llevar a la cancha el favoritismo del Mundial y no preocuparse m\u00e1s de la parte emocional, dijo el mediocampista Fernandinho el lunes, despu\u00e9s de que varios futbolistas mostraron se\u00f1ales de estar con los nervios a flor de piel a la hora de los penales contra Chile.<\/p>\n<p style=\"text-align: justify;\">Las escenas de llanto del capit\u00e1n Thiago Silva, el arquero Julio Cesar y el delantero Neymar, entre otros, antes y despu\u00e9s de la victoria por penales contra Chile, adem\u00e1s del pedido de Silva de no patear el penal por falta de confianza, pusieron en tela de juicio el factor psicol\u00f3gico de los jugadores.<\/p>\n<p style=\"text-align: justify;\">El peso de ser los anfitriones y lograr un t\u00edtulo en casa en el primer Mundial organizado en Brasil desde 1950 parece pesar sobre los hombros de la selecci\u00f3n.<\/p>\n<p style=\"text-align: justify;\">Pero Fernandinho dijo que la selecci\u00f3n ya hizo lo que ten\u00eda que hacer en la parte emocional y que ahora son los propios jugadores los que deben conversar entre s\u00ed para que el equipo traduzca en la cancha el favoritismo que gozaba desde el inicio del torneo, algo que no ha conseguido hasta ahora.<\/p>\n<p style=\"text-align: justify;\">\u00abAhora no es la hora de trabajar m\u00e1s en la parte emocional, todo el mundo es consciente de lo que tenemos que hacer. Lo que importa ahora es mostrar dentro del campo por qu\u00e9 estamos aqu\u00ed\u00bb, afirm\u00f3 el jugador del Manchester City.<\/p>\n<p style=\"text-align: justify;\">\u00abLas charlas con los psic\u00f3logos fueron muy buenas, ahora son las conversaciones entre atletas, jugadores (&#8230;) La charla entre los jugadores puede cambiar las cosas de aqu\u00ed en adelante\u00bb, agreg\u00f3.<\/p>\n<p style=\"text-align: justify;\">Desde el inicio de la preparaci\u00f3n para el Mundial, algunos jugadores, como Thiago Silva, reconocieron que sienten una presi\u00f3n extra por jugar en casa y debido a la derrota frente a Uruguay en la final de la Copa del Mundo de 1950 en el Maracan\u00e1.<\/p>\n<p style=\"text-align: justify;\">El t\u00e9cnico Luiz Felipe Scolari llev\u00f3 psic\u00f3logos a la concentraci\u00f3n del equipo para hacer un perfil de cada jugador y as\u00ed ayudarlos en la parte emocional.<\/p>\n<p style=\"text-align: justify;\">El clima de tensi\u00f3n en el partido contra Chile, sin embargo, derrumb\u00f3 a muchos jugadores. Tras llorar bastante antes de la tanda de penales, Thiago Silva pidi\u00f3 al t\u00e9cnico no patear porque \u00abno estaba seguro\u00bb.<span id=\"midArticle_byline\"><\/span><\/p>\n<p style=\"text-align: justify;\">Fernandinho garantiz\u00f3 que el equipo est\u00e1 emocionalmente \u00abtranquilo\u00bb y pidi\u00f3 enfocarse en el pr\u00f3ximo partido.<\/p>\n<p style=\"text-align: justify;\">La selecci\u00f3n brasile\u00f1a enfrentar\u00e1 a Colombia el viernes en Fortaleza por los cuartos de final.<\/p>\n<p>&nbsp;<\/p>\n","protected":false},"excerpt":{"rendered":"<p>TERESOPOLIS, Brasil, 30 jun\u00a0(Reuters) &#8211; La selecci\u00f3n brasile\u00f1a tiene que lograr llevar a la cancha el favoritismo del Mundial y no preocuparse m\u00e1s de la parte emocional, dijo el mediocampista Fernandinho el lunes, despu\u00e9s de que varios futbolistas mostraron se\u00f1ales de estar con los nervios a flor de piel a la hora de los penales &#8230;<\/p>\n","protected":false},"author":4,"featured_media":13572,"comment_status":"closed","ping_status":"closed","sticky":false,"template":"","format":"standard","meta":{"footnotes":""},"categories":[752,445,36],"tags":[],"class_list":["post-13571","post","type-post","status-publish","format-standard","has-post-thumbnail","hentry","category-appgd","category-brasil-2014","category-internacional"],"_links":{"self":[{"href":"http:\/\/gradadigital.com\/home\/wp-json\/wp\/v2\/posts\/13571","targetHints":{"allow":["GET"]}}],"collection":[{"href":"http:\/\/gradadigital.com\/home\/wp-json\/wp\/v2\/posts"}],"about":[{"href":"http:\/\/gradadigital.com\/home\/wp-json\/wp\/v2\/types\/post"}],"author":[{"embeddable":true,"href":"http:\/\/gradadigital.com\/home\/wp-json\/wp\/v2\/users\/4"}],"replies":[{"embeddable":true,"href":"http:\/\/gradadigital.com\/home\/wp-json\/wp\/v2\/comments?post=13571"}],"version-history":[{"count":1,"href":"http:\/\/gradadigital.com\/home\/wp-json\/wp\/v2\/posts\/13571\/revisions"}],"predecessor-version":[{"id":13573,"href":"http:\/\/gradadigital.com\/home\/wp-json\/wp\/v2\/posts\/13571\/revisions\/13573"}],"wp:featuredmedia":[{"embeddable":true,"href":"http:\/\/gradadigital.com\/home\/wp-json\/wp\/v2\/media\/13572"}],"wp:attachment":[{"href":"http:\/\/gradadigital.com\/home\/wp-json\/wp\/v2\/media?parent=13571"}],"wp:term":[{"taxonomy":"category","embeddable":true,"href":"http:\/\/gradadigital.com\/home\/wp-json\/wp\/v2\/categories?post=13571"},{"taxonomy":"post_tag","embeddable":true,"href":"http:\/\/gradadigital.com\/home\/wp-json\/wp\/v2\/tags?post=13571"}],"curies":[{"name":"wp","href":"https:\/\/api.w.org\/{rel}","templated":true}]}}