{"id":13492,"date":"2014-06-29T11:48:28","date_gmt":"2014-06-29T16:18:28","guid":{"rendered":"http:\/\/gradadigital.com\/home\/?p=13492"},"modified":"2014-06-29T11:48:28","modified_gmt":"2014-06-29T16:18:28","slug":"francia-apostara-por-el-gran-momento-de-benzema","status":"publish","type":"post","link":"http:\/\/gradadigital.com\/home\/francia-apostara-por-el-gran-momento-de-benzema\/","title":{"rendered":"Francia apostar\u00e1 por el gran momento de Benzema"},"content":{"rendered":"<p style=\"text-align: center;\"><img loading=\"lazy\" decoding=\"async\" class=\"alignnone size-full wp-image-13360\" src=\"http:\/\/gradadigital.com\/home\/wp-content\/uploads\/2014\/06\/karim_benzema_ecuador_francia_25062014_2.jpg\" alt=\"karim_benzema_ecuador_francia_25062014_2\" width=\"682\" height=\"396\" srcset=\"http:\/\/gradadigital.com\/home\/wp-content\/uploads\/2014\/06\/karim_benzema_ecuador_francia_25062014_2.jpg 682w, http:\/\/gradadigital.com\/home\/wp-content\/uploads\/2014\/06\/karim_benzema_ecuador_francia_25062014_2-300x174.jpg 300w\" sizes=\"auto, (max-width: 682px) 100vw, 682px\" \/><\/p>\n<p style=\"text-align: justify;\"><strong><span class=\"articleLocation\">BRASILIA, 29 jun<\/span>\u00a0(Reuters) &#8211;<\/strong> Cuando el atacante franc\u00e9s Karim Benzema fue sustituido a los 83 minutos de su derrota 1-0 ante Espa\u00f1a en la eliminatoria del Mundial en marzo, se fue acompa\u00f1ado por silbidos y abucheos.<\/p>\n<p style=\"text-align: justify;\">La enojada reacci\u00f3n de los hinchas franceses en el estadio Stade de France ante otro flojo partido del atacante del Real Madrid pareci\u00f3 todav\u00eda m\u00e1s cruel cuando, unos minutos despu\u00e9s, ovacionaron al mediocampista espa\u00f1ol Andr\u00e9s Iniesta.<\/p>\n<p style=\"text-align: justify;\">Pero hoy, en el Mundial, Benzema se convirti\u00f3 en la estrella de \u00abLes Bleus\u00bb, con tres goles en igual n\u00famero de partidos y elegido mejor jugador en las victorias sobre Honduras y Suiza.<\/p>\n<p style=\"text-align: justify;\">El atacante de 26 a\u00f1os fue elogiado por el entrenador Didier Deschamps y por sus compa\u00f1eros, y Francia necesitar\u00e1 que vuelva a mostrar su mejor cara para enfrentar el lunes a Nigeria en los octavos de final en Brasilia. La recompensa es el pasaje a los cuartos de final, donde se encontrar\u00e1 con el ganador del duelo entre Alemania y Argelia.<\/p>\n<p style=\"text-align: justify;\">Benzema lleg\u00f3 al Mundial tras una buena temporada con el Real Madrid, donde anot\u00f3 24 goles en 52 partidos y ayud\u00f3 al equipo m\u00e1s rico del mundo por ingresos a conquistar su d\u00e9cima Liga de Campeones y la Copa del Rey.<\/p>\n<p style=\"text-align: justify;\">Benzema termin\u00f3 en este Mundial con una sequ\u00eda de goles de m\u00e1s de 1.200 minutos para Francia, que lo hab\u00eda llevado a perder su puesto en la selecci\u00f3n. Hoy parece en forma y con hambre de victoria.<\/p>\n<p style=\"text-align: justify;\">M\u00e1s maduro tras una serie de problemas fuera del campo y dificultades para controlar su peso, emergi\u00f3 como l\u00edder de la selecci\u00f3n de Francia en la l\u00ednea de ataque pero tambi\u00e9n en un sentido m\u00e1s amplio.<\/p>\n<p style=\"text-align: justify;\">\u00abKarim es uno de los mejores jugadores en el escenario mundial\u00bb, dijo su compa\u00f1ero Antoine Griezmann esta semana a periodistas en Brasil.<\/p>\n<p style=\"text-align: justify;\">\u00abEst\u00e1 desempe\u00f1\u00e1ndose a un nivel extremadamente alto y \u00e9l es quien nos hace jugar\u00bb, a\u00f1adi\u00f3 el delantero de la Real Sociedad espa\u00f1ola.<span id=\"midArticle_byline\"><\/span><\/p>\n<p style=\"text-align: justify;\">Y Deschamps, que capitane\u00f3 a Francia en la conquista del Mundial de 1998 y la Eurocopa del 2000, no puede estar m\u00e1s de acuerdo.<\/p>\n<p style=\"text-align: justify;\">El entrenador de 45 a\u00f1os, que asumi\u00f3 las riendas del equipo en julio del 2012, est\u00e1 intentando conducir a Francia hacia su segundo t\u00edtulo mundial y borrar el amargo recuerdo de una serie de malas actuaciones en torneos importantes, ensombrecidos por peleas internas y problemas de disciplina.<\/p>\n<p style=\"text-align: justify;\">\u00abBenzema tiene un movimiento extraordinario que apuntala el juego del equipo\u00bb, dijo Deschamps a periodistas.<\/p>\n<p style=\"text-align: justify;\">DISPUTA POR DINERO<\/p>\n<p style=\"text-align: justify;\">Los preparativos de Nigeria fueron alterados por una disputa sobre dinero que llev\u00f3 los jugadores a amenazar con no entrenar, algo que ocurri\u00f3 tambi\u00e9n con otros equipos africanos.<\/p>\n<p style=\"text-align: justify;\">Aunque funcionarios nigerianos dijeron el viernes que la situaci\u00f3n se resolvi\u00f3 despu\u00e9s de que el presidente de la naci\u00f3n prometi\u00f3 que el pago de los salarios llegar\u00eda r\u00e1pidamente, el incidente podr\u00eda desconcentrar a los jugadores con miras al partido de octavos de final contra Francia.<\/p>\n<p style=\"text-align: justify;\">Nigeria alcanz\u00f3 la segunda ronda del Mundial en sus primeros dos mundiales en 1994 y 1998, aunque fue eliminado en la fase de grupos en el 2002 y 2010.<\/p>\n<p style=\"text-align: justify;\">Su avance a los octavos de final fue ensombrecido por un aparente ataque con bomba que dej\u00f3 el mi\u00e9rcoles al menos 21 muertos en la capital, Abuya. Otra explosi\u00f3n en la ciudad de Bauchi cobr\u00f3 otras 10 vidas.<span id=\"midArticle_byline\"><\/span><\/p>\n<p style=\"text-align: justify;\">A continuaci\u00f3n, las probables alineaciones:<\/p>\n<p style=\"text-align: justify;\">Francia: 1-Hugo Lloris; 2-Mathieu Debuchy, 4-Raphael Varane, 5-Mamadou Sakho, 3-Patrice Evra; 6-Yohan Cabaye; 8-Mathieu Valbuena, 14-Blaise Matuidi, 18-Moussa Sissoko; 10-Karim Benzema y 9-Olivier Giroud<\/p>\n<p style=\"text-align: justify;\">Nigeria: 1-Vincent Enyeama; 5-Efe Ambrose, 13-Juwon Oshaniwa, 22-Kenneth Omeruo, 2-Joseph Yobo; 10-John Obi Mikel, 17-Ogenyi Onazi, 7-Ahmed Musa; 8-Peter Odemwingie, 9-Emmanuel Emenike y 20-Michael Uchebo<\/p>\n<p>&nbsp;<\/p>\n","protected":false},"excerpt":{"rendered":"<p>BRASILIA, 29 jun\u00a0(Reuters) &#8211; Cuando el atacante franc\u00e9s Karim Benzema fue sustituido a los 83 minutos de su derrota 1-0 ante Espa\u00f1a en la eliminatoria del Mundial en marzo, se fue acompa\u00f1ado por silbidos y abucheos. La enojada reacci\u00f3n de los hinchas franceses en el estadio Stade de France ante otro flojo partido del atacante &#8230;<\/p>\n","protected":false},"author":4,"featured_media":13360,"comment_status":"closed","ping_status":"closed","sticky":false,"template":"","format":"standard","meta":{"footnotes":""},"categories":[752,445,36],"tags":[],"class_list":["post-13492","post","type-post","status-publish","format-standard","has-post-thumbnail","hentry","category-appgd","category-brasil-2014","category-internacional"],"_links":{"self":[{"href":"http:\/\/gradadigital.com\/home\/wp-json\/wp\/v2\/posts\/13492","targetHints":{"allow":["GET"]}}],"collection":[{"href":"http:\/\/gradadigital.com\/home\/wp-json\/wp\/v2\/posts"}],"about":[{"href":"http:\/\/gradadigital.com\/home\/wp-json\/wp\/v2\/types\/post"}],"author":[{"embeddable":true,"href":"http:\/\/gradadigital.com\/home\/wp-json\/wp\/v2\/users\/4"}],"replies":[{"embeddable":true,"href":"http:\/\/gradadigital.com\/home\/wp-json\/wp\/v2\/comments?post=13492"}],"version-history":[{"count":1,"href":"http:\/\/gradadigital.com\/home\/wp-json\/wp\/v2\/posts\/13492\/revisions"}],"predecessor-version":[{"id":13493,"href":"http:\/\/gradadigital.com\/home\/wp-json\/wp\/v2\/posts\/13492\/revisions\/13493"}],"wp:featuredmedia":[{"embeddable":true,"href":"http:\/\/gradadigital.com\/home\/wp-json\/wp\/v2\/media\/13360"}],"wp:attachment":[{"href":"http:\/\/gradadigital.com\/home\/wp-json\/wp\/v2\/media?parent=13492"}],"wp:term":[{"taxonomy":"category","embeddable":true,"href":"http:\/\/gradadigital.com\/home\/wp-json\/wp\/v2\/categories?post=13492"},{"taxonomy":"post_tag","embeddable":true,"href":"http:\/\/gradadigital.com\/home\/wp-json\/wp\/v2\/tags?post=13492"}],"curies":[{"name":"wp","href":"https:\/\/api.w.org\/{rel}","templated":true}]}}