{"id":13476,"date":"2014-06-28T18:07:25","date_gmt":"2014-06-28T22:37:25","guid":{"rendered":"http:\/\/gradadigital.com\/home\/?p=13476"},"modified":"2014-06-28T18:07:25","modified_gmt":"2014-06-28T22:37:25","slug":"sampaoli-los-jugadores-entraron-en-la-historia-del-futbol-chileno","status":"publish","type":"post","link":"http:\/\/gradadigital.com\/home\/sampaoli-los-jugadores-entraron-en-la-historia-del-futbol-chileno\/","title":{"rendered":"Sampaoli: \u00abLos jugadores entraron en la historia del f\u00fatbol chileno\u00bb"},"content":{"rendered":"<p style=\"text-align: center;\"><img loading=\"lazy\" decoding=\"async\" class=\"alignnone size-full wp-image-13477\" src=\"http:\/\/gradadigital.com\/home\/wp-content\/uploads\/2014\/06\/chile_brasil_chille_medel_28062014.jpg\" alt=\"chile_brasil_chille_medel_28062014\" width=\"682\" height=\"396\" srcset=\"http:\/\/gradadigital.com\/home\/wp-content\/uploads\/2014\/06\/chile_brasil_chille_medel_28062014.jpg 682w, http:\/\/gradadigital.com\/home\/wp-content\/uploads\/2014\/06\/chile_brasil_chille_medel_28062014-300x174.jpg 300w\" sizes=\"auto, (max-width: 682px) 100vw, 682px\" \/><\/p>\n<p style=\"text-align: justify;\"><strong><span class=\"articleLocation\">BELO HORIZONTE, Brasil, 28 jun<\/span>\u00a0(Reuters) &#8211;<\/strong> La selecci\u00f3n chilena entr\u00f3 en la historia del f\u00fatbol de su pa\u00eds por la entrega y el valor que tuvo para equipararse con las potencias mundiales, dijo el t\u00e9cnico Jorge Sampaoli despu\u00e9s de que su equipo fuera eliminada por Brasil en la definici\u00f3n por penales.<\/p>\n<p style=\"text-align: justify;\">Brasil, que pas\u00f3 a los cuartos de final, gan\u00f3 3-2 en la definici\u00f3n desde los 12 pasos despu\u00e9s de igualar 1-1 en los 90 minutos reglamentarios y el alargue del partido que se disput\u00f3 en el estadio Mineirao de Belo Horizonte.<\/p>\n<p style=\"text-align: justify;\">\u00abLos jugadores entraron en la historia del f\u00fatbol chileno, con (Arturo) Vidal al 40 por ciento, exponi\u00e9ndose a lesiones graves, con (Gary) Medel con un desgarro de 8 mil\u00edmetros que quiso jugar como todos por su pa\u00eds\u00bb, dijo Sampaoli en rueda de prensa.<\/p>\n<p style=\"text-align: justify;\">\u00abPodemos valorar habernos equiparado con las potencias que nos tocaron como Espa\u00f1a, Holanda, Brasil, siendo protagonistas y no en rol de sometimiento. No pasamos por las cosas del f\u00fatbol, porque los penales son m\u00e1s fortuitos que otra cosa\u00bb, agreg\u00f3.<\/p>\n<p style=\"text-align: justify;\">En el \u00faltimo minuto del tiempo suplementario Chile pudo haberse quedado con el triunfo de no ser por un remate del delantero Mauricio Pinilla que peg\u00f3 en un poste cuando el arquero J\u00falio C\u00e9sar estaba totalmente vencido.<\/p>\n<p style=\"text-align: justify;\">Tambi\u00e9n en la tanda de penales el remate de Gonzalo Jara peg\u00f3 en el poste izquierdo y posibilit\u00f3 la clasificaci\u00f3n de Brasil.<\/p>\n<p style=\"text-align: justify;\">\u00abSi no fuera por la fatalidad del palo final, habr\u00eda sido una tarde para la historia. El dolor que uno siente ahora le dar\u00e1 valor a una selecci\u00f3n que vino a jugar de esta forma ante el local y candidato de todos\u00bb, expres\u00f3 Sampaoli.<\/p>\n<p style=\"text-align: justify;\">\u00abNos quisimos revelar a la historia, a la camiseta, a los nombres propios que ten\u00edamos al frente y eso hizo que jug\u00e1ramos partidos extremadamente intensos (&#8230;) todo el plantel se esforz\u00f3 y dej\u00f3 bien sentado la bandera que defienden\u00bb, explic\u00f3.<\/p>\n<p style=\"text-align: justify;\">Sobre el planteo del partido, Sampaoli destac\u00f3 que se cumpli\u00f3 con el plan de trabajo y que su poderoso rival no jug\u00f3 como lo marca su historia.<span id=\"midArticle_byline\"><\/span><\/p>\n<p style=\"text-align: justify;\">\u00abSab\u00edamos que jug\u00e1bamos contra el candidato en su casa. Intentamos plantear un partido de igual a igual, anulamos a Neymar superponiendo marcas\u00bb, explic\u00f3 el argentino.<\/p>\n<p style=\"text-align: justify;\">\u00abLas modificaciones en el equipo hicieron que se neutralizara a Brasil, que no arriesg\u00f3 nunca y no gener\u00f3 ocasiones de gol (en la parte suplementaria) esperando los penales. Nunca tuvimos mucho apremio. Al final, casi terminamos ganando un partido\u00bb, explic\u00f3 Sampaoli.<\/p>\n<p style=\"text-align: justify;\">El t\u00e9cnico dijo estar triste por la forma en la que se perdi\u00f3.<\/p>\n<p style=\"text-align: justify;\">\u00abNo se puede estar contento perdiendo de este modo. Los penales uno los puede trabajar o no. Pero son situaciones que se resuelven de otra forma. Est\u00e1bamos ilusionados en poder ganar el partido. La dura eliminaci\u00f3n generar\u00e1 evaluaciones y en el futuro se pensar\u00e1 en la Copa Am\u00e9rica\u00bb, destac\u00f3 sobre el torneo sudamericano que Chile organizar\u00e1 en el 2015.<\/p>\n<p>&nbsp;<\/p>\n","protected":false},"excerpt":{"rendered":"<p>BELO HORIZONTE, Brasil, 28 jun\u00a0(Reuters) &#8211; La selecci\u00f3n chilena entr\u00f3 en la historia del f\u00fatbol de su pa\u00eds por la entrega y el valor que tuvo para equipararse con las potencias mundiales, dijo el t\u00e9cnico Jorge Sampaoli despu\u00e9s de que su equipo fuera eliminada por Brasil en la definici\u00f3n por penales. Brasil, que pas\u00f3 a &#8230;<\/p>\n","protected":false},"author":4,"featured_media":13477,"comment_status":"closed","ping_status":"closed","sticky":false,"template":"","format":"standard","meta":{"footnotes":""},"categories":[752,445,36],"tags":[],"class_list":["post-13476","post","type-post","status-publish","format-standard","has-post-thumbnail","hentry","category-appgd","category-brasil-2014","category-internacional"],"_links":{"self":[{"href":"http:\/\/gradadigital.com\/home\/wp-json\/wp\/v2\/posts\/13476","targetHints":{"allow":["GET"]}}],"collection":[{"href":"http:\/\/gradadigital.com\/home\/wp-json\/wp\/v2\/posts"}],"about":[{"href":"http:\/\/gradadigital.com\/home\/wp-json\/wp\/v2\/types\/post"}],"author":[{"embeddable":true,"href":"http:\/\/gradadigital.com\/home\/wp-json\/wp\/v2\/users\/4"}],"replies":[{"embeddable":true,"href":"http:\/\/gradadigital.com\/home\/wp-json\/wp\/v2\/comments?post=13476"}],"version-history":[{"count":1,"href":"http:\/\/gradadigital.com\/home\/wp-json\/wp\/v2\/posts\/13476\/revisions"}],"predecessor-version":[{"id":13478,"href":"http:\/\/gradadigital.com\/home\/wp-json\/wp\/v2\/posts\/13476\/revisions\/13478"}],"wp:featuredmedia":[{"embeddable":true,"href":"http:\/\/gradadigital.com\/home\/wp-json\/wp\/v2\/media\/13477"}],"wp:attachment":[{"href":"http:\/\/gradadigital.com\/home\/wp-json\/wp\/v2\/media?parent=13476"}],"wp:term":[{"taxonomy":"category","embeddable":true,"href":"http:\/\/gradadigital.com\/home\/wp-json\/wp\/v2\/categories?post=13476"},{"taxonomy":"post_tag","embeddable":true,"href":"http:\/\/gradadigital.com\/home\/wp-json\/wp\/v2\/tags?post=13476"}],"curies":[{"name":"wp","href":"https:\/\/api.w.org\/{rel}","templated":true}]}}