{"id":13440,"date":"2014-06-28T07:48:30","date_gmt":"2014-06-28T12:18:30","guid":{"rendered":"http:\/\/gradadigital.com\/home\/?p=13440"},"modified":"2014-06-30T09:26:35","modified_gmt":"2014-06-30T13:56:35","slug":"valderrama-yo-soy-hincha-numero-uno-de-la-seleccion-de-colombia","status":"publish","type":"post","link":"http:\/\/gradadigital.com\/home\/valderrama-yo-soy-hincha-numero-uno-de-la-seleccion-de-colombia\/","title":{"rendered":"+VIDEO | Valderrama: \u00abYo soy hincha n\u00famero uno de la selecci\u00f3n de Colombia\u00bb"},"content":{"rendered":"<p style=\"text-align: center;\"><img loading=\"lazy\" decoding=\"async\" class=\"alignnone size-full wp-image-13441\" src=\"http:\/\/gradadigital.com\/home\/wp-content\/uploads\/2014\/06\/carlos_valderrama_colombia_27062014.jpg\" alt=\"carlos_valderrama_colombia_27062014\" width=\"682\" height=\"396\" srcset=\"http:\/\/gradadigital.com\/home\/wp-content\/uploads\/2014\/06\/carlos_valderrama_colombia_27062014.jpg 682w, http:\/\/gradadigital.com\/home\/wp-content\/uploads\/2014\/06\/carlos_valderrama_colombia_27062014-300x174.jpg 300w\" sizes=\"auto, (max-width: 682px) 100vw, 682px\" \/><\/p>\n<p style=\"text-align: justify;\"><strong>Miguel Vallenilla, R\u00edo de Janeiro &#8211;<\/strong> Emblem\u00e1tico y gran exponente del f\u00fatbol colombiano, Carlos \u201cEl Pibe\u201d Valderrama vive con mucha satisfacci\u00f3n lo que est\u00e1 logrando la Selecci\u00f3n de Colombia en el Mundial de Brasil 2014. Hoy es un seguidor m\u00e1s, con optimismo de cara a las siguientes fases de su pa\u00eds.<\/p>\n<p style=\"text-align: justify;\"><strong>\u201cCreo que estamos bien. Ha sido un campeonato de muchos goles, y la selecci\u00f3n de Colombia ha jugado bien, clasificando de la primera ronda\u201d<\/strong>, resumi\u00f3 Valderrama, quien particip\u00f3 en los Mundiales de Italia 90, Estados Unidos 94 y Francia 98. <strong>\u201cEstamos optimistas. Esperemos que pasemos a la siguiente ronda para as\u00ed seguir creciendo y dando lo m\u00e1ximo del campeonato\u201d.<\/strong><\/p>\n<iframe loading=\"lazy\" width=\"620\" height=\"340\" src=\"http:\/\/www.youtube.com\/embed\/SnzTCmtNciI?rel=0\" frameborder=\"0\" allowfullscreen><\/iframe>\n<p style=\"text-align: justify;\">La \u00e9poca de jugador ya ha quedado atr\u00e1s desde que se retirara en el a\u00f1o 2002, por lo que se ha convertido en un aficionado m\u00e1s. <strong>\u201cYo soy fan\u00e1tico. Ya yo soy hincha n\u00famero uno de la selecci\u00f3n de Colombia, un hincha m\u00e1s. Soy consciente de que mi \u00e9poca pas\u00f3\u201d<\/strong>. Para Valderrama, el legado que dej\u00f3 la selecci\u00f3n donde pudo brillar, escribi\u00f3 <strong>\u201chistoria. La historia est\u00e1 y nadie la podr\u00e1 borrar. Muy contento de haber hecho historia\u201d<\/strong>, por lo que cuando alguien lo observa, sabe que recibir\u00e1 un afectuoso saludo de parte de ellos. <strong>\u201cEs el reconocimiento de la gente, lo que te da mucha alegr\u00eda\u201d.<\/strong><\/p>\n<p style=\"text-align: justify;\">El \u201cPibe\u201d, quien actualmente se encuentra comentando para el programa radial, F\u00fatbol de Primera, asegur\u00f3 que su nombre es sin\u00f3nimo <strong>\u201cde alegr\u00eda. De mi pa\u00eds, de tener la bandera puesta de la selecci\u00f3n de Colombia\u201d, <\/strong>y no siente temor por el duelo ante Uruguay, pues al contrario,<strong> \u201cme siento muy positivo sobre que podremos lograr el triunfo\u201d<\/strong>.<\/p>\n","protected":false},"excerpt":{"rendered":"<p>Miguel Vallenilla, R\u00edo de Janeiro &#8211; Emblem\u00e1tico y gran exponente del f\u00fatbol colombiano, Carlos \u201cEl Pibe\u201d Valderrama vive con mucha satisfacci\u00f3n lo que est\u00e1 logrando la Selecci\u00f3n de Colombia en el Mundial de Brasil 2014. Hoy es un seguidor m\u00e1s, con optimismo de cara a las siguientes fases de su pa\u00eds. \u201cCreo que estamos bien. &#8230;<\/p>\n","protected":false},"author":4,"featured_media":13441,"comment_status":"closed","ping_status":"closed","sticky":false,"template":"","format":"standard","meta":{"footnotes":""},"categories":[752,445,36],"tags":[],"class_list":["post-13440","post","type-post","status-publish","format-standard","has-post-thumbnail","hentry","category-appgd","category-brasil-2014","category-internacional"],"_links":{"self":[{"href":"http:\/\/gradadigital.com\/home\/wp-json\/wp\/v2\/posts\/13440","targetHints":{"allow":["GET"]}}],"collection":[{"href":"http:\/\/gradadigital.com\/home\/wp-json\/wp\/v2\/posts"}],"about":[{"href":"http:\/\/gradadigital.com\/home\/wp-json\/wp\/v2\/types\/post"}],"author":[{"embeddable":true,"href":"http:\/\/gradadigital.com\/home\/wp-json\/wp\/v2\/users\/4"}],"replies":[{"embeddable":true,"href":"http:\/\/gradadigital.com\/home\/wp-json\/wp\/v2\/comments?post=13440"}],"version-history":[{"count":2,"href":"http:\/\/gradadigital.com\/home\/wp-json\/wp\/v2\/posts\/13440\/revisions"}],"predecessor-version":[{"id":13520,"href":"http:\/\/gradadigital.com\/home\/wp-json\/wp\/v2\/posts\/13440\/revisions\/13520"}],"wp:featuredmedia":[{"embeddable":true,"href":"http:\/\/gradadigital.com\/home\/wp-json\/wp\/v2\/media\/13441"}],"wp:attachment":[{"href":"http:\/\/gradadigital.com\/home\/wp-json\/wp\/v2\/media?parent=13440"}],"wp:term":[{"taxonomy":"category","embeddable":true,"href":"http:\/\/gradadigital.com\/home\/wp-json\/wp\/v2\/categories?post=13440"},{"taxonomy":"post_tag","embeddable":true,"href":"http:\/\/gradadigital.com\/home\/wp-json\/wp\/v2\/tags?post=13440"}],"curies":[{"name":"wp","href":"https:\/\/api.w.org\/{rel}","templated":true}]}}