{"id":13435,"date":"2014-06-27T08:12:41","date_gmt":"2014-06-27T12:42:41","guid":{"rendered":"http:\/\/gradadigital.com\/home\/?p=13435"},"modified":"2014-06-27T08:12:41","modified_gmt":"2014-06-27T12:42:41","slug":"ronaldo-cree-en-una-final-entre-brasil-y-argentina","status":"publish","type":"post","link":"http:\/\/gradadigital.com\/home\/ronaldo-cree-en-una-final-entre-brasil-y-argentina\/","title":{"rendered":"Ronaldo cree en una final entre Brasil y Argentina"},"content":{"rendered":"<p style=\"color: #000000; text-align: center;\"><img loading=\"lazy\" decoding=\"async\" class=\"alignnone size-full wp-image-13436\" src=\"http:\/\/gradadigital.com\/home\/wp-content\/uploads\/2014\/06\/ronaldo_brasil_2014.jpg\" alt=\"ronaldo_brasil_2014\" width=\"682\" height=\"396\" srcset=\"http:\/\/gradadigital.com\/home\/wp-content\/uploads\/2014\/06\/ronaldo_brasil_2014.jpg 682w, http:\/\/gradadigital.com\/home\/wp-content\/uploads\/2014\/06\/ronaldo_brasil_2014-300x174.jpg 300w\" sizes=\"auto, (max-width: 682px) 100vw, 682px\" \/><\/p>\n<p style=\"color: #000000; text-align: justify;\"><strong>EFE &#8211;<\/strong> El ex futbolista Ronaldo Luiz Nazario de Lima consider\u00f3 este jueves que es \u00abcasi seguro\u00bb que la Final del Mundial la disputen Brasil y Argentina el 13 de julio en R\u00edo de Janeiro, aunque admiti\u00f3 que le gustar\u00eda que el equipo de Lionel Messi pierda antes.<\/p>\n<p style=\"color: #000000; text-align: justify;\">\u00abNo solo pienso, pero creo casi seguro que la Final ser\u00e1 Brasil-Argentina. Ser\u00e1 un sue\u00f1o. Ser\u00e1 un sue\u00f1o si ganamos, \u00bfeh? Si perdemos, ser\u00e1 una pesadilla. Por eso, ojal\u00e1 que Argentina pierda antes, entonces\u00bb, manifest\u00f3 el hombre que con 15 goles comparte el r\u00e9cord en los Mundiales con el alem\u00e1n Miroslav Close.<\/p>\n<p style=\"color: #000000; text-align: justify;\">En una comparecencia promovida por la FIFA en el Estadio Maracan\u00e1, para hablar de las zonas de aficionados, Ronaldo dedic\u00f3 elogios a su compatriota Neymar y afirm\u00f3 que pasa por un mejor momento que el argentino Lionel Messi.<\/p>\n<p style=\"color: #000000; text-align: justify;\">\u00abNeymar y Messi est\u00e1n siendo decisivos. Neymar est\u00e1 jugando mucho. Messi est\u00e1 creciendo en el Mundial pero Neymar, para m\u00ed, est\u00e1 siendo la figura de la Copa del Mundo\u00bb, dijo el ex jugador del Real Madrid y el Barcelona.<\/p>\n<p style=\"color: #000000; text-align: justify;\">Respecto a la Selecci\u00f3n de Chile, rival de la \u201cCanarinha\u201d este s\u00e1bado en la fase de Octavos de Final, Ronaldo dijo creer que sus componentes est\u00e1n preocupados.<\/p>\n<p style=\"color: #000000; text-align: justify;\">\u00abMi opini\u00f3n es que Chile est\u00e1 infinitamente m\u00e1s preocupado que la selecci\u00f3n brasile\u00f1a. Pero no solo por el futbol sino por los antecedentes\u00bb, puntualiz\u00f3.<\/p>\n","protected":false},"excerpt":{"rendered":"<p>EFE &#8211; El ex futbolista Ronaldo Luiz Nazario de Lima consider\u00f3 este jueves que es \u00abcasi seguro\u00bb que la Final del Mundial la disputen Brasil y Argentina el 13 de julio en R\u00edo de Janeiro, aunque admiti\u00f3 que le gustar\u00eda que el equipo de Lionel Messi pierda antes. \u00abNo solo pienso, pero creo casi seguro &#8230;<\/p>\n","protected":false},"author":4,"featured_media":13436,"comment_status":"closed","ping_status":"closed","sticky":false,"template":"","format":"standard","meta":{"footnotes":""},"categories":[752,445,36],"tags":[],"class_list":["post-13435","post","type-post","status-publish","format-standard","has-post-thumbnail","hentry","category-appgd","category-brasil-2014","category-internacional"],"_links":{"self":[{"href":"http:\/\/gradadigital.com\/home\/wp-json\/wp\/v2\/posts\/13435","targetHints":{"allow":["GET"]}}],"collection":[{"href":"http:\/\/gradadigital.com\/home\/wp-json\/wp\/v2\/posts"}],"about":[{"href":"http:\/\/gradadigital.com\/home\/wp-json\/wp\/v2\/types\/post"}],"author":[{"embeddable":true,"href":"http:\/\/gradadigital.com\/home\/wp-json\/wp\/v2\/users\/4"}],"replies":[{"embeddable":true,"href":"http:\/\/gradadigital.com\/home\/wp-json\/wp\/v2\/comments?post=13435"}],"version-history":[{"count":1,"href":"http:\/\/gradadigital.com\/home\/wp-json\/wp\/v2\/posts\/13435\/revisions"}],"predecessor-version":[{"id":13437,"href":"http:\/\/gradadigital.com\/home\/wp-json\/wp\/v2\/posts\/13435\/revisions\/13437"}],"wp:featuredmedia":[{"embeddable":true,"href":"http:\/\/gradadigital.com\/home\/wp-json\/wp\/v2\/media\/13436"}],"wp:attachment":[{"href":"http:\/\/gradadigital.com\/home\/wp-json\/wp\/v2\/media?parent=13435"}],"wp:term":[{"taxonomy":"category","embeddable":true,"href":"http:\/\/gradadigital.com\/home\/wp-json\/wp\/v2\/categories?post=13435"},{"taxonomy":"post_tag","embeddable":true,"href":"http:\/\/gradadigital.com\/home\/wp-json\/wp\/v2\/tags?post=13435"}],"curies":[{"name":"wp","href":"https:\/\/api.w.org\/{rel}","templated":true}]}}