{"id":13255,"date":"2014-06-22T15:28:52","date_gmt":"2014-06-22T19:58:52","guid":{"rendered":"http:\/\/gradadigital.com\/home\/?p=13255"},"modified":"2014-06-22T15:28:52","modified_gmt":"2014-06-22T19:58:52","slug":"brasil-espera-finiquitar-su-pase-a-los-octavos-de-final","status":"publish","type":"post","link":"http:\/\/gradadigital.com\/home\/brasil-espera-finiquitar-su-pase-a-los-octavos-de-final\/","title":{"rendered":"Brasil espera finiquitar su pase a los octavos de final"},"content":{"rendered":"<p style=\"text-align: center;\"><img loading=\"lazy\" decoding=\"async\" class=\"alignnone size-full wp-image-12885\" src=\"http:\/\/gradadigital.com\/home\/wp-content\/uploads\/2014\/06\/neymar_brasil_croacia_mundial_brasil_13062014.jpg\" alt=\"neymar_brasil_croacia_mundial_brasil_13062014\" width=\"596\" height=\"346\" srcset=\"http:\/\/gradadigital.com\/home\/wp-content\/uploads\/2014\/06\/neymar_brasil_croacia_mundial_brasil_13062014.jpg 596w, http:\/\/gradadigital.com\/home\/wp-content\/uploads\/2014\/06\/neymar_brasil_croacia_mundial_brasil_13062014-300x174.jpg 300w\" sizes=\"auto, (max-width: 596px) 100vw, 596px\" \/><\/p>\n<p style=\"text-align: justify;\"><strong><span class=\"articleLocation\">BRASILIA, 22 jun<\/span>\u00a0(Reuters)<\/strong> &#8211; El historial perfecto de la selecci\u00f3n brasile\u00f1a ante rivales africanos en un Mundial sugiere que el partido del lunes por el Grupo A contra un desmoralizado y eliminado Camer\u00fan deber\u00eda ser poco m\u00e1s que un entrenamiento.<\/p>\n<p style=\"text-align: justify;\">Camer\u00fan llega al encuentro con el pentacampe\u00f3n mundial con dos derrotas seguidas y sin goles a favor, y parece ser el rival ideal para que Brasil deje atr\u00e1s las dudas y despegue definitivamente en su campa\u00f1a por ganar la Copa por primera vez como local.<\/p>\n<p style=\"text-align: justify;\">Brasil suma cuatro puntos y necesita un empate para clasificar a octavos de final, algo que deber\u00eda ser casi un tr\u00e1mite ante unos alica\u00eddos Leones Indomables, cuya s\u00e9ptima aparici\u00f3n mundialista ha quedado ensombrecida por problemas internos y disputas varias.<\/p>\n<p style=\"text-align: justify;\">Los problemas de Camer\u00fan comenzaron antes de llegar a Brasil, cuando los futbolistas se negaron a aceptar una bandera del primer ministro Philemon Yang y luego no se subieron al avi\u00f3n que traer\u00eda al equipo a Am\u00e9rica del Sur por reclamos salariales.<\/p>\n<p style=\"text-align: justify;\">Camer\u00fan cay\u00f3 1-0 con M\u00e9xico en el debut y luego 4-0 ante Croacia, en un partido en el que Alex Song fue expulsado por darle un codazo a un rival y en el que pareci\u00f3 que el defensor Assou-Ekotto le dio un cabezazo a su compa\u00f1ero Benjamin Moukandjo.<\/p>\n<p style=\"text-align: justify;\">Brasil gan\u00f3 los seis partidos que jug\u00f3 ante equipos africanos en los Mundiales. El primer triunfo fue en 1974 ante Zaire. Luego lleg\u00f3 un 1-0 sobre Argelia en 1986 y un 3-0 ante Camer\u00fan un 1994 y otro 3-0 contra Marruecos cuatro a\u00f1os despu\u00e9s.<\/p>\n<p style=\"text-align: justify;\">Brasil tambi\u00e9n venci\u00f3 3-0 a Ghana en octavos de final de la Copa del 2006 y super\u00f3 3-1 a Costa de Marfil hace cuatro a\u00f1os.<\/p>\n<p style=\"text-align: justify;\">Pero Camer\u00fan le gan\u00f3 a Brasil el \u00faltimo encuentro entre ambos, cuando Samuel Eto&#8217;o marc\u00f3 el \u00fanico gol del partido por la Copa Confederaciones del 2003.<\/p>\n<p style=\"text-align: justify;\">Brasil necesita mejorar su juego para igualar las demostraciones de la Copa Confederaciones del a\u00f1o pasado, y adem\u00e1s el 0-0 con M\u00e9xico la semana pasada puso fin a una racha de 10 triunfos seguidos.<span id=\"midArticle_byline\"><\/span><\/p>\n<p style=\"text-align: justify;\">El mediocampo de Brasil no ha mostrado un buen nivel, por lo que Neymar no ha sido alimentado como necesita para enloquecer a los defensores rivales con sus endiabladas gambetas.<\/p>\n<p style=\"text-align: justify;\">\u00abMuchos equipos nos han estudiado, y para nosotros es m\u00e1s dif\u00edcil\u00bb, dijo el defensor Marcelo. \u00abSabemos que debemos hacer lo que nos dice Felipao (el t\u00e9cnico Luiz Felipe Scolari), pero esto es un Mundial y cada partido es m\u00e1s dif\u00edcil que el anterior\u00bb.<\/p>\n<p style=\"text-align: justify;\">A continuaci\u00f3n, las probables formaciones de los equipos:<\/p>\n<p style=\"text-align: justify;\">Brasil: 12-Julio Cesar; 2-Daniel Alves, 3-Thiago Silva, 4-David Luiz, 6-Marcelo; 8-Paulinho, 11-Oscar, 17-Luiz Gustavo, 16-Ramires; 9-Fred y 10-Neymar<\/p>\n<p style=\"text-align: justify;\">Camer\u00fan: 16-Charles Itandje; 4-Cedric Djeugoue, 2-Benoit Assou-Ekotto, 3-Nicholas Nkoulou, 14-Aurelien Chedjou; 17-Stephane Mbia, 21-Joel Matip, 18-Enoh Eyong, 8-Benjamin Moukandjo; 10-Vincent Aboubaker y 13-Eric Choupo-Moting<\/p>\n<p>&nbsp;<\/p>\n","protected":false},"excerpt":{"rendered":"<p>BRASILIA, 22 jun\u00a0(Reuters) &#8211; El historial perfecto de la selecci\u00f3n brasile\u00f1a ante rivales africanos en un Mundial sugiere que el partido del lunes por el Grupo A contra un desmoralizado y eliminado Camer\u00fan deber\u00eda ser poco m\u00e1s que un entrenamiento. Camer\u00fan llega al encuentro con el pentacampe\u00f3n mundial con dos derrotas seguidas y sin goles &#8230;<\/p>\n","protected":false},"author":4,"featured_media":12885,"comment_status":"closed","ping_status":"closed","sticky":false,"template":"","format":"standard","meta":{"footnotes":""},"categories":[752,445,36],"tags":[],"class_list":["post-13255","post","type-post","status-publish","format-standard","has-post-thumbnail","hentry","category-appgd","category-brasil-2014","category-internacional"],"_links":{"self":[{"href":"http:\/\/gradadigital.com\/home\/wp-json\/wp\/v2\/posts\/13255","targetHints":{"allow":["GET"]}}],"collection":[{"href":"http:\/\/gradadigital.com\/home\/wp-json\/wp\/v2\/posts"}],"about":[{"href":"http:\/\/gradadigital.com\/home\/wp-json\/wp\/v2\/types\/post"}],"author":[{"embeddable":true,"href":"http:\/\/gradadigital.com\/home\/wp-json\/wp\/v2\/users\/4"}],"replies":[{"embeddable":true,"href":"http:\/\/gradadigital.com\/home\/wp-json\/wp\/v2\/comments?post=13255"}],"version-history":[{"count":1,"href":"http:\/\/gradadigital.com\/home\/wp-json\/wp\/v2\/posts\/13255\/revisions"}],"predecessor-version":[{"id":13256,"href":"http:\/\/gradadigital.com\/home\/wp-json\/wp\/v2\/posts\/13255\/revisions\/13256"}],"wp:featuredmedia":[{"embeddable":true,"href":"http:\/\/gradadigital.com\/home\/wp-json\/wp\/v2\/media\/12885"}],"wp:attachment":[{"href":"http:\/\/gradadigital.com\/home\/wp-json\/wp\/v2\/media?parent=13255"}],"wp:term":[{"taxonomy":"category","embeddable":true,"href":"http:\/\/gradadigital.com\/home\/wp-json\/wp\/v2\/categories?post=13255"},{"taxonomy":"post_tag","embeddable":true,"href":"http:\/\/gradadigital.com\/home\/wp-json\/wp\/v2\/tags?post=13255"}],"curies":[{"name":"wp","href":"https:\/\/api.w.org\/{rel}","templated":true}]}}