{"id":13247,"date":"2014-06-22T15:17:19","date_gmt":"2014-06-22T19:47:19","guid":{"rendered":"http:\/\/gradadigital.com\/home\/?p=13247"},"modified":"2014-06-22T15:17:19","modified_gmt":"2014-06-22T19:47:19","slug":"sampaoli-se-queja-del-cesped-del-arena-corinthians","status":"publish","type":"post","link":"http:\/\/gradadigital.com\/home\/sampaoli-se-queja-del-cesped-del-arena-corinthians\/","title":{"rendered":"Sampaoli se queja del cesped del Arena Corinthians"},"content":{"rendered":"<p style=\"text-align: center;\"><img loading=\"lazy\" decoding=\"async\" class=\"alignnone size-full wp-image-13194\" src=\"http:\/\/gradadigital.com\/home\/wp-content\/uploads\/2014\/06\/estadio_arena_corinthians_19062014.jpg\" alt=\"estadio_arena_corinthians_19062014\" width=\"682\" height=\"396\" srcset=\"http:\/\/gradadigital.com\/home\/wp-content\/uploads\/2014\/06\/estadio_arena_corinthians_19062014.jpg 682w, http:\/\/gradadigital.com\/home\/wp-content\/uploads\/2014\/06\/estadio_arena_corinthians_19062014-300x174.jpg 300w\" sizes=\"auto, (max-width: 682px) 100vw, 682px\" \/><\/p>\n<p style=\"text-align: justify;\"><strong><span class=\"articleLocation\">SAO PAULO, 22 jun<\/span>\u00a0(Reuters) &#8211;<\/strong> El entrenador de la selecci\u00f3n Chilena de f\u00fatbol, Jorge Sampaoli, protest\u00f3 el domingo por el deterioro del c\u00e9sped del Arena Corinthians de Sao Paulo, donde su equipo disputar\u00e1 la primera posici\u00f3n del Grupo B del Mundial contra Holanda.<span id=\"midArticle_byline\"><\/span><\/p>\n<p style=\"text-align: justify;\">Consultado sobre porqu\u00e9 Chile no entren\u00f3 el domingo en el estadio, como s\u00ed hizo en cambio Holanda, el t\u00e9cnico argentino dijo que fue para preservar el c\u00e9sped.<\/p>\n<p style=\"text-align: justify;\">\u00abEl piso del estadio este hoy est\u00e1 totalmente deteriorado\u00bb, dijo Sampaoli.<\/p>\n<p style=\"text-align: justify;\">\u00abEn un Mundial no se deber\u00eda permitir que el piso se toque antes de un juego, porque lamentablemente ma\u00f1ana (lunes) nos va a tocar jugar un partido trascendente y determinante en un estadio que no est\u00e1 en la forma que necesita un partido de tal trascendencia\u00bb, dijo.<\/p>\n<p style=\"text-align: justify;\">El Arena Corinthians, un estadio de 450 millones de d\u00f3lares construido especialmente para el Mundial, fue el \u00faltimo en ser terminado d\u00edas antes del partido inaugural del 12 de junio.<\/p>\n<p style=\"text-align: justify;\">Los constructores dicen que el c\u00e9sped es id\u00e9ntico al usado en las canchas de Europa y que las semillas fueron importadas de Estados Unidos. El sistema de drenaje y de riego es en teor\u00eda de \u00faltima generaci\u00f3n.<\/p>\n<p style=\"text-align: justify;\">Pero en algunas \u00e1reas el verde es desparejo e inmediatamente despu\u00e9s de cada juego son colocadas frente a las porter\u00edas unas l\u00e1mparas especiales para acelerar la regeneraci\u00f3n del c\u00e9sped.<\/p>\n<p>&nbsp;<\/p>\n","protected":false},"excerpt":{"rendered":"<p>SAO PAULO, 22 jun\u00a0(Reuters) &#8211; El entrenador de la selecci\u00f3n Chilena de f\u00fatbol, Jorge Sampaoli, protest\u00f3 el domingo por el deterioro del c\u00e9sped del Arena Corinthians de Sao Paulo, donde su equipo disputar\u00e1 la primera posici\u00f3n del Grupo B del Mundial contra Holanda. Consultado sobre porqu\u00e9 Chile no entren\u00f3 el domingo en el estadio, como &#8230;<\/p>\n","protected":false},"author":4,"featured_media":13194,"comment_status":"closed","ping_status":"closed","sticky":false,"template":"","format":"standard","meta":{"footnotes":""},"categories":[752,445,36],"tags":[],"class_list":["post-13247","post","type-post","status-publish","format-standard","has-post-thumbnail","hentry","category-appgd","category-brasil-2014","category-internacional"],"_links":{"self":[{"href":"http:\/\/gradadigital.com\/home\/wp-json\/wp\/v2\/posts\/13247","targetHints":{"allow":["GET"]}}],"collection":[{"href":"http:\/\/gradadigital.com\/home\/wp-json\/wp\/v2\/posts"}],"about":[{"href":"http:\/\/gradadigital.com\/home\/wp-json\/wp\/v2\/types\/post"}],"author":[{"embeddable":true,"href":"http:\/\/gradadigital.com\/home\/wp-json\/wp\/v2\/users\/4"}],"replies":[{"embeddable":true,"href":"http:\/\/gradadigital.com\/home\/wp-json\/wp\/v2\/comments?post=13247"}],"version-history":[{"count":1,"href":"http:\/\/gradadigital.com\/home\/wp-json\/wp\/v2\/posts\/13247\/revisions"}],"predecessor-version":[{"id":13248,"href":"http:\/\/gradadigital.com\/home\/wp-json\/wp\/v2\/posts\/13247\/revisions\/13248"}],"wp:featuredmedia":[{"embeddable":true,"href":"http:\/\/gradadigital.com\/home\/wp-json\/wp\/v2\/media\/13194"}],"wp:attachment":[{"href":"http:\/\/gradadigital.com\/home\/wp-json\/wp\/v2\/media?parent=13247"}],"wp:term":[{"taxonomy":"category","embeddable":true,"href":"http:\/\/gradadigital.com\/home\/wp-json\/wp\/v2\/categories?post=13247"},{"taxonomy":"post_tag","embeddable":true,"href":"http:\/\/gradadigital.com\/home\/wp-json\/wp\/v2\/tags?post=13247"}],"curies":[{"name":"wp","href":"https:\/\/api.w.org\/{rel}","templated":true}]}}