{"id":13219,"date":"2014-06-21T13:39:58","date_gmt":"2014-06-21T18:09:58","guid":{"rendered":"http:\/\/gradadigital.com\/home\/?p=13219"},"modified":"2014-06-21T13:39:58","modified_gmt":"2014-06-21T18:09:58","slug":"messi-aparecio-en-el-justo-momento-para-salvar-a-argentina","status":"publish","type":"post","link":"http:\/\/gradadigital.com\/home\/messi-aparecio-en-el-justo-momento-para-salvar-a-argentina\/","title":{"rendered":"Messi apareci\u00f3 en el justo momento para salvar a Argentina"},"content":{"rendered":"<p style=\"color: #313131; text-align: center;\"><img loading=\"lazy\" decoding=\"async\" class=\"alignnone size-full wp-image-13220\" src=\"http:\/\/gradadigital.com\/home\/wp-content\/uploads\/2014\/06\/lionel_messi_argentina_iran_21062014.jpg\" alt=\"lionel_messi_argentina_iran_21062014\" width=\"682\" height=\"396\" srcset=\"http:\/\/gradadigital.com\/home\/wp-content\/uploads\/2014\/06\/lionel_messi_argentina_iran_21062014.jpg 682w, http:\/\/gradadigital.com\/home\/wp-content\/uploads\/2014\/06\/lionel_messi_argentina_iran_21062014-300x174.jpg 300w\" sizes=\"auto, (max-width: 682px) 100vw, 682px\" \/><\/p>\n<p style=\"color: #313131; text-align: justify;\"><strong>Belo Horizonte (Brasil), 21 jun (EFE).-<\/strong> Lionel Messi apareci\u00f3 hoy en el estadio Mineirao, de Belo Horizonte, a los 91 minutos para sentenciar con un golazo fuera del \u00e1rea la sufrida victoria por 1-0 de Argentina sobre una aguerrida selecci\u00f3n de Ir\u00e1n.<\/p>\n<p style=\"color: #313131; text-align: justify;\">Messi marc\u00f3 su segundo gol en el Mundial de Brasil.<\/p>\n<p style=\"color: #313131; text-align: justify;\">La selecci\u00f3n Albiceleste lleg\u00f3 a seis puntos en la cima del grupo F e Ir\u00e1n permanece con uno.<\/p>\n<p style=\"color: #313131; text-align: justify;\">La segunda jornada se completar\u00e1 m\u00e1s tarde con el encuentro en Cuiab\u00e1 entre las selecciones de Nigeria y Bosnia.<\/p>\n","protected":false},"excerpt":{"rendered":"<p>Belo Horizonte (Brasil), 21 jun (EFE).- Lionel Messi apareci\u00f3 hoy en el estadio Mineirao, de Belo Horizonte, a los 91 minutos para sentenciar con un golazo fuera del \u00e1rea la sufrida victoria por 1-0 de Argentina sobre una aguerrida selecci\u00f3n de Ir\u00e1n. Messi marc\u00f3 su segundo gol en el Mundial de Brasil. La selecci\u00f3n Albiceleste &#8230;<\/p>\n","protected":false},"author":4,"featured_media":13220,"comment_status":"closed","ping_status":"closed","sticky":false,"template":"","format":"standard","meta":{"footnotes":""},"categories":[752,445,36],"tags":[186,110,818,415,235],"class_list":["post-13219","post","type-post","status-publish","format-standard","has-post-thumbnail","hentry","category-appgd","category-brasil-2014","category-internacional","tag-argentina","tag-fifa","tag-iran","tag-messi","tag-world-cup"],"_links":{"self":[{"href":"http:\/\/gradadigital.com\/home\/wp-json\/wp\/v2\/posts\/13219","targetHints":{"allow":["GET"]}}],"collection":[{"href":"http:\/\/gradadigital.com\/home\/wp-json\/wp\/v2\/posts"}],"about":[{"href":"http:\/\/gradadigital.com\/home\/wp-json\/wp\/v2\/types\/post"}],"author":[{"embeddable":true,"href":"http:\/\/gradadigital.com\/home\/wp-json\/wp\/v2\/users\/4"}],"replies":[{"embeddable":true,"href":"http:\/\/gradadigital.com\/home\/wp-json\/wp\/v2\/comments?post=13219"}],"version-history":[{"count":1,"href":"http:\/\/gradadigital.com\/home\/wp-json\/wp\/v2\/posts\/13219\/revisions"}],"predecessor-version":[{"id":13221,"href":"http:\/\/gradadigital.com\/home\/wp-json\/wp\/v2\/posts\/13219\/revisions\/13221"}],"wp:featuredmedia":[{"embeddable":true,"href":"http:\/\/gradadigital.com\/home\/wp-json\/wp\/v2\/media\/13220"}],"wp:attachment":[{"href":"http:\/\/gradadigital.com\/home\/wp-json\/wp\/v2\/media?parent=13219"}],"wp:term":[{"taxonomy":"category","embeddable":true,"href":"http:\/\/gradadigital.com\/home\/wp-json\/wp\/v2\/categories?post=13219"},{"taxonomy":"post_tag","embeddable":true,"href":"http:\/\/gradadigital.com\/home\/wp-json\/wp\/v2\/tags?post=13219"}],"curies":[{"name":"wp","href":"https:\/\/api.w.org\/{rel}","templated":true}]}}