{"id":1319,"date":"2013-06-09T16:33:45","date_gmt":"2013-06-09T21:03:45","guid":{"rendered":"http:\/\/gradadigital.com\/home\/?p=1319"},"modified":"2013-06-09T16:33:45","modified_gmt":"2013-06-09T21:03:45","slug":"breitner-regreso-al-santos-fc","status":"publish","type":"post","link":"http:\/\/gradadigital.com\/home\/breitner-regreso-al-santos-fc\/","title":{"rendered":"Breitner regres\u00f3 al Santos FC"},"content":{"rendered":"<p style=\"text-align: center;\"><img decoding=\"async\" alt=\"http:\/\/www.gradadigital.com\/principal\/images\/stories\/breitner_da_silva_santos_19052012_2.jpg\" src=\"http:\/\/www.gradadigital.com\/principal\/images\/stories\/breitner_da_silva_santos_19052012_2.jpg\" \/><\/p>\n<p style=\"text-align: justify;\"><strong>GradaDigital.com &#8211;<\/strong> El mediocampista venezolano Breitner cumpli\u00f3 con un compromiso importante esta semana. El jugador, que disput\u00f3 el Campeonato Mineiro este a\u00f1o\u00a0cedido en el Arax\u00e1 EC, grab\u00f3 en un estudio en Buenos Aires, Argentina,\u00a0un episodio de la serie \u00abF\u00fatbol 360 &#8211; Jugadas de Maestro\u00bb,\u00a0que saldr\u00e1 pr\u00f3ximamente por Discovery Channel para toda Am\u00e9rica Latina.<\/p>\n<p style=\"text-align: justify;\">Junto con el ex jugador Marcelinho Carioca, Breitner\u00a0grab\u00f3 el programa cuyo tema fue\u00a0el cobro de tiros libres, detallando las t\u00e9cnicas, entrenamientos y los trucos que utiliza para destacar\u00a0en la ejecuci\u00f3n.<\/p>\n<p style=\"text-align: justify;\"><strong>\u00abFue una experiencia diferente y me gust\u00f3 mucho. Adem\u00e1s,\u00a0comentar sobre tiros libres con\u00a0Marcelinho, uno de los mejores cobradores en la historia del f\u00fatbol brasile\u00f1o, fue muy bueno\u00bb<\/strong>, dijo el jugador de 23 a\u00f1os de edad, nacido en Venezuela.<\/p>\n<p style=\"text-align: justify;\"><strong>RETORNO Al SANTOS FC<br \/>\n<\/strong>Breitner fue informado por la direcci\u00f3n del Santos FC que debe retornar al club el pr\u00f3ximo 18 de junio para volver a entrenarse en el\u00a0CT Rei Pel\u00e9. El criollo particip\u00f3 en el\u00a0Brasileir\u00e3o 2012 con el N\u00e1utico y, en el primer semestre de este a\u00f1o, fue cedido al Araxa para disputar el Campeonato Mineiro.<\/p>\n<p style=\"text-align: justify;\"><strong>\u00abMi contrato con el Santos es hasta octubre de 2014 y estoy a disposici\u00f3n del club. Estoy contento con el\u00a0retorno y, si tengo la oportunidad en el equipo en el transcurso de la temporada, espero volver a hacer un buen trabajo\u00bb<\/strong>, concluy\u00f3 el centrocampista.<\/p>\n","protected":false},"excerpt":{"rendered":"<p>GradaDigital.com &#8211; El mediocampista venezolano Breitner cumpli\u00f3 con un compromiso importante esta semana. El jugador, que disput\u00f3 el Campeonato Mineiro este a\u00f1o\u00a0cedido en el Arax\u00e1 EC, grab\u00f3 en un estudio en Buenos Aires, Argentina,\u00a0un episodio de la serie \u00abF\u00fatbol 360 &#8211; Jugadas de Maestro\u00bb,\u00a0que saldr\u00e1 pr\u00f3ximamente por Discovery Channel para toda Am\u00e9rica Latina. Junto con &#8230;<\/p>\n","protected":false},"author":3,"featured_media":1320,"comment_status":"closed","ping_status":"closed","sticky":false,"template":"","format":"standard","meta":{"footnotes":""},"categories":[36,4],"tags":[],"class_list":["post-1319","post","type-post","status-publish","format-standard","has-post-thumbnail","hentry","category-internacional","category-legionarios"],"_links":{"self":[{"href":"http:\/\/gradadigital.com\/home\/wp-json\/wp\/v2\/posts\/1319","targetHints":{"allow":["GET"]}}],"collection":[{"href":"http:\/\/gradadigital.com\/home\/wp-json\/wp\/v2\/posts"}],"about":[{"href":"http:\/\/gradadigital.com\/home\/wp-json\/wp\/v2\/types\/post"}],"author":[{"embeddable":true,"href":"http:\/\/gradadigital.com\/home\/wp-json\/wp\/v2\/users\/3"}],"replies":[{"embeddable":true,"href":"http:\/\/gradadigital.com\/home\/wp-json\/wp\/v2\/comments?post=1319"}],"version-history":[{"count":1,"href":"http:\/\/gradadigital.com\/home\/wp-json\/wp\/v2\/posts\/1319\/revisions"}],"predecessor-version":[{"id":1321,"href":"http:\/\/gradadigital.com\/home\/wp-json\/wp\/v2\/posts\/1319\/revisions\/1321"}],"wp:featuredmedia":[{"embeddable":true,"href":"http:\/\/gradadigital.com\/home\/wp-json\/wp\/v2\/media\/1320"}],"wp:attachment":[{"href":"http:\/\/gradadigital.com\/home\/wp-json\/wp\/v2\/media?parent=1319"}],"wp:term":[{"taxonomy":"category","embeddable":true,"href":"http:\/\/gradadigital.com\/home\/wp-json\/wp\/v2\/categories?post=1319"},{"taxonomy":"post_tag","embeddable":true,"href":"http:\/\/gradadigital.com\/home\/wp-json\/wp\/v2\/tags?post=1319"}],"curies":[{"name":"wp","href":"https:\/\/api.w.org\/{rel}","templated":true}]}}