{"id":13106,"date":"2014-06-16T14:10:44","date_gmt":"2014-06-16T18:40:44","guid":{"rendered":"http:\/\/gradadigital.com\/home\/?p=13106"},"modified":"2014-06-16T14:10:44","modified_gmt":"2014-06-16T18:40:44","slug":"muller-y-los-suyos-bailaron-a-portugal","status":"publish","type":"post","link":"http:\/\/gradadigital.com\/home\/muller-y-los-suyos-bailaron-a-portugal\/","title":{"rendered":"M\u00fcller y los suyos bailaron a Portugal"},"content":{"rendered":"<p style=\"text-align: center;\"><img loading=\"lazy\" decoding=\"async\" class=\"alignnone size-full wp-image-13107\" src=\"http:\/\/gradadigital.com\/home\/wp-content\/uploads\/2014\/06\/thomas_mueller_alemania_portugal_16062014.jpg\" alt=\"thomas_mueller_alemania_portugal_16062014\" width=\"682\" height=\"396\" srcset=\"http:\/\/gradadigital.com\/home\/wp-content\/uploads\/2014\/06\/thomas_mueller_alemania_portugal_16062014.jpg 682w, http:\/\/gradadigital.com\/home\/wp-content\/uploads\/2014\/06\/thomas_mueller_alemania_portugal_16062014-300x174.jpg 300w\" sizes=\"auto, (max-width: 682px) 100vw, 682px\" \/><\/p>\n<p style=\"text-align: justify;\"><strong>Mariann Garc\u00eda.-\u00a0\u00a0<\/strong>Alemania brill\u00f3, gole\u00f3 y gust\u00f3 ante una pobre Portugal que no supo remontar. Un penal dudoso, una falta infantil de Pepe que se hace expulsar y un genio como Thomas M\u00fcller que se convirti\u00f3 en el goleador de Brasil 2014 con tres tantos fueron los ingredientes de este cotejo.<\/p>\n<p style=\"text-align: justify;\">El duelo entre los lusos y germanos tildaba para ser el partidazo del grupo G. Cristiano Ronaldo dirigi\u00f3 su banda, trat\u00f3 de poner su ritmo y en los primeros minutos se acerc\u00f3 con un centro y luego pegando desde fuera del \u00e1rea para tratar de sorprender.<\/p>\n<p style=\"text-align: justify;\">A diez minutos de haber comenzado el partido, el portugu\u00e9s Joao Pereira tuvo un empuj\u00f3n en la zona de peligro con Gotze y el \u00e1rbitro estadounidense\u00a0Mark Geiger decidi\u00f3 pitar el penal para que Thomas\u00a0M\u00fcller con mucha clase colocara el 1-0 a favor de los suyos. Despu\u00e9s de este tanto los dirigidos por Loew se adue\u00f1aron de la fiesta, agruparon sus piezas e impusieron su juego.<\/p>\n<p style=\"text-align: justify;\">En el minuto 25 Nani dio luz de vida para su pa\u00eds y peg\u00f3 un zapatazo en el travesa\u00f1o superior, m\u00e1s de uno suspir\u00f3 y otros se habr\u00e1n asustado. Dos minutos m\u00e1s tarde, hubo malas noticias para Portugal, Hugo Almeida sali\u00f3 lesionado y tuvo que ser sustituido por Eder.<\/p>\n<p style=\"text-align: justify;\">El segundo tanto de la tarde lleg\u00f3 despu\u00e9s de un tiro de esquina y una gran definici\u00f3n de Mats Hummels con\u00a0\u00a0su cabeza\u00a0\u00a0para el 2-0. Si ya la goleada ca\u00eda, Pepe se encarg\u00f3 de incrementar el desastre al dejar a los suyos con diez, cometiendo\u00a0\u00a0una falta a M\u00fcller, quien tirado en el piso recibi\u00f3 un cabezazo del portugu\u00e9s y le ocasion\u00f3 una tarjeta roja directa.\u00a0\u00a0La perla para irse al descanso la coloc\u00f3 Thomas, el joven delantero de manera r\u00e1pida toc\u00f3 un bal\u00f3n y de inmediato pate\u00f3 al arco para dejar a todo el mundo impactado.<\/p>\n<p style=\"text-align: justify;\">En la segunda mitad fue m\u00e1s calmado por parte de Alemania, sab\u00edan que ten\u00edan una buena cantidad de goles y buscaron tener el dominio del bal\u00f3n sin apresurarse. Por parte de los de Cristiano, hubo desespero, pero s\u00f3lo se not\u00f3 Ronaldo en el campo, estuvo solo contra el mundo tratando de descontar y levantar la cara de su naci\u00f3n.<\/p>\n<p style=\"text-align: justify;\">La estrella del d\u00eda, M\u00fcller,\u00a0\u00a0se convirti\u00f3 en el verdugo de los lusos que ni por m\u00e1s que Cristino hiciera de todo en el campo supieron anotar. En el 78, justo a doce minutos para el pitazo final volvi\u00f3 a decir presente y con su perfecto olfato a gol sigui\u00f3 una jugada que sell\u00f3 el 4-0. Dos mundiales en su vida y ya suma ocho goles, un joven de apenas 24 a\u00f1os.<\/p>\n<p style=\"text-align: justify;\">Fiesta germana, tristeza portuguesa. Apenas comienza la Copa del Mundo y habr\u00e1 qu\u00e9 ocurre en los pr\u00f3ximos dos partidos del grupo G. Por ahora, Alemania sigue como fiel candidato al t\u00edtulo.<\/p>\n","protected":false},"excerpt":{"rendered":"<p>Mariann Garc\u00eda.-\u00a0\u00a0Alemania brill\u00f3, gole\u00f3 y gust\u00f3 ante una pobre Portugal que no supo remontar. Un penal dudoso, una falta infantil de Pepe que se hace expulsar y un genio como Thomas M\u00fcller que se convirti\u00f3 en el goleador de Brasil 2014 con tres tantos fueron los ingredientes de este cotejo. El duelo entre los lusos &#8230;<\/p>\n","protected":false},"author":4,"featured_media":13107,"comment_status":"closed","ping_status":"closed","sticky":false,"template":"","format":"standard","meta":{"footnotes":""},"categories":[752,445,36],"tags":[480,809,392,405,808,235],"class_list":["post-13106","post","type-post","status-publish","format-standard","has-post-thumbnail","hentry","category-appgd","category-brasil-2014","category-internacional","tag-alemania","tag-cr7","tag-germany","tag-portugal","tag-thomas-muller","tag-world-cup"],"_links":{"self":[{"href":"http:\/\/gradadigital.com\/home\/wp-json\/wp\/v2\/posts\/13106","targetHints":{"allow":["GET"]}}],"collection":[{"href":"http:\/\/gradadigital.com\/home\/wp-json\/wp\/v2\/posts"}],"about":[{"href":"http:\/\/gradadigital.com\/home\/wp-json\/wp\/v2\/types\/post"}],"author":[{"embeddable":true,"href":"http:\/\/gradadigital.com\/home\/wp-json\/wp\/v2\/users\/4"}],"replies":[{"embeddable":true,"href":"http:\/\/gradadigital.com\/home\/wp-json\/wp\/v2\/comments?post=13106"}],"version-history":[{"count":1,"href":"http:\/\/gradadigital.com\/home\/wp-json\/wp\/v2\/posts\/13106\/revisions"}],"predecessor-version":[{"id":13108,"href":"http:\/\/gradadigital.com\/home\/wp-json\/wp\/v2\/posts\/13106\/revisions\/13108"}],"wp:featuredmedia":[{"embeddable":true,"href":"http:\/\/gradadigital.com\/home\/wp-json\/wp\/v2\/media\/13107"}],"wp:attachment":[{"href":"http:\/\/gradadigital.com\/home\/wp-json\/wp\/v2\/media?parent=13106"}],"wp:term":[{"taxonomy":"category","embeddable":true,"href":"http:\/\/gradadigital.com\/home\/wp-json\/wp\/v2\/categories?post=13106"},{"taxonomy":"post_tag","embeddable":true,"href":"http:\/\/gradadigital.com\/home\/wp-json\/wp\/v2\/tags?post=13106"}],"curies":[{"name":"wp","href":"https:\/\/api.w.org\/{rel}","templated":true}]}}