{"id":12958,"date":"2014-06-15T10:43:39","date_gmt":"2014-06-15T15:13:39","guid":{"rendered":"http:\/\/gradadigital.com\/home\/?p=12958"},"modified":"2014-06-15T11:29:37","modified_gmt":"2014-06-15T15:59:37","slug":"messi-impaciente-por-debutar-en-el-maracana","status":"publish","type":"post","link":"http:\/\/gradadigital.com\/home\/messi-impaciente-por-debutar-en-el-maracana\/","title":{"rendered":"Messi impaciente por debutar en el Maracan\u00e1"},"content":{"rendered":"<p style=\"text-align: center;\"><img loading=\"lazy\" decoding=\"async\" class=\"alignnone size-full wp-image-12614\" src=\"http:\/\/gradadigital.com\/home\/wp-content\/uploads\/2014\/06\/lionel_messi_argentina_entrenamiento_02062014.jpg\" alt=\"lionel_messi_argentina_entrenamiento_02062014\" width=\"596\" height=\"346\" srcset=\"http:\/\/gradadigital.com\/home\/wp-content\/uploads\/2014\/06\/lionel_messi_argentina_entrenamiento_02062014.jpg 596w, http:\/\/gradadigital.com\/home\/wp-content\/uploads\/2014\/06\/lionel_messi_argentina_entrenamiento_02062014-300x174.jpg 300w\" sizes=\"auto, (max-width: 596px) 100vw, 596px\" \/><\/p>\n<p style=\"text-align: justify;\"><strong><span class=\"articleLocation\">RIO DE JANEIRO, 14 jun<\/span>\u00a0(Reuters) &#8211;<\/strong> A pocas horas del debut de la selecci\u00f3n argentina en el Mundial, su m\u00e1xima estrella, Lionel Messi, se mostr\u00f3 ansioso de jugar por primera vez en el estadio Maracan\u00e1 y por empezar a escribir una p\u00e1gina de gloria con el equipo \u00abalbiceleste\u00bb.<span id=\"midArticle_byline\"><\/span><\/p>\n<p style=\"text-align: justify;\">En su cuenta de Facebook, el astro del Barcelona escribi\u00f3: \u00abCon muchas ganas de jugar en el gran Maracan\u00e1 por primera vez en mi vida y de empezar con buen pie el Mundial. \u00a1Vamos por todo!\u00bb.<\/p>\n<p style=\"text-align: justify;\">El de Brasil es el tercer Mundial para el capit\u00e1n argentino, tras participar en Alemania 2006 y Sud\u00e1frica 2010. Pero el delantero necesita mejorar sus n\u00fameros, ya que en ocho partidos solamente convirti\u00f3 un gol, ante Serbia y Montenegro hace ocho a\u00f1os en la ciudad alemana de Gelsenkirchen.<\/p>\n<p style=\"text-align: justify;\">El domingo, Argentina jugar\u00e1 con Bosnia por el Grupo F que tambi\u00e9n integran Nigeria e Ir\u00e1n. La \u00abalbiceleste\u00bb quiere poner fin a casi tres d\u00e9cadas de frustraciones y levantar la copa por tercera vez tras los t\u00edtulos alcanzados en 1978 y 1986.<\/p>\n<p>&nbsp;<\/p>\n","protected":false},"excerpt":{"rendered":"<p>RIO DE JANEIRO, 14 jun\u00a0(Reuters) &#8211; A pocas horas del debut de la selecci\u00f3n argentina en el Mundial, su m\u00e1xima estrella, Lionel Messi, se mostr\u00f3 ansioso de jugar por primera vez en el estadio Maracan\u00e1 y por empezar a escribir una p\u00e1gina de gloria con el equipo \u00abalbiceleste\u00bb. En su cuenta de Facebook, el astro &#8230;<\/p>\n","protected":false},"author":4,"featured_media":12614,"comment_status":"closed","ping_status":"closed","sticky":false,"template":"","format":"standard","meta":{"footnotes":""},"categories":[752,445,36],"tags":[186,415],"class_list":["post-12958","post","type-post","status-publish","format-standard","has-post-thumbnail","hentry","category-appgd","category-brasil-2014","category-internacional","tag-argentina","tag-messi"],"_links":{"self":[{"href":"http:\/\/gradadigital.com\/home\/wp-json\/wp\/v2\/posts\/12958","targetHints":{"allow":["GET"]}}],"collection":[{"href":"http:\/\/gradadigital.com\/home\/wp-json\/wp\/v2\/posts"}],"about":[{"href":"http:\/\/gradadigital.com\/home\/wp-json\/wp\/v2\/types\/post"}],"author":[{"embeddable":true,"href":"http:\/\/gradadigital.com\/home\/wp-json\/wp\/v2\/users\/4"}],"replies":[{"embeddable":true,"href":"http:\/\/gradadigital.com\/home\/wp-json\/wp\/v2\/comments?post=12958"}],"version-history":[{"count":1,"href":"http:\/\/gradadigital.com\/home\/wp-json\/wp\/v2\/posts\/12958\/revisions"}],"predecessor-version":[{"id":12959,"href":"http:\/\/gradadigital.com\/home\/wp-json\/wp\/v2\/posts\/12958\/revisions\/12959"}],"wp:featuredmedia":[{"embeddable":true,"href":"http:\/\/gradadigital.com\/home\/wp-json\/wp\/v2\/media\/12614"}],"wp:attachment":[{"href":"http:\/\/gradadigital.com\/home\/wp-json\/wp\/v2\/media?parent=12958"}],"wp:term":[{"taxonomy":"category","embeddable":true,"href":"http:\/\/gradadigital.com\/home\/wp-json\/wp\/v2\/categories?post=12958"},{"taxonomy":"post_tag","embeddable":true,"href":"http:\/\/gradadigital.com\/home\/wp-json\/wp\/v2\/tags?post=12958"}],"curies":[{"name":"wp","href":"https:\/\/api.w.org\/{rel}","templated":true}]}}