{"id":12886,"date":"2014-06-13T01:04:40","date_gmt":"2014-06-13T05:34:40","guid":{"rendered":"http:\/\/gradadigital.com\/home\/?p=12886"},"modified":"2014-06-13T01:04:40","modified_gmt":"2014-06-13T05:34:40","slug":"forlan-se-recupera-y-uruguay-se-prepara-para-el-debut","status":"publish","type":"post","link":"http:\/\/gradadigital.com\/home\/forlan-se-recupera-y-uruguay-se-prepara-para-el-debut\/","title":{"rendered":"Forl\u00e1n se recupera y Uruguay se prepara para el debut"},"content":{"rendered":"<div id=\"article-body\" class=\"article-body\">\n<p style=\"text-align: center;\"><img decoding=\"async\" class=\"decoded\" src=\"http:\/\/gradadigital.com\/home\/wp-content\/uploads\/2014\/06\/seleccion_uruguay_mundial_brasil_12062014.jpg\" alt=\"http:\/\/gradadigital.com\/home\/wp-content\/uploads\/2014\/06\/seleccion_uruguay_mundial_brasil_12062014.jpg\" \/><\/p>\n<p style=\"text-align: justify;\"><strong>Prensa FIFA. &#8211;<\/strong> El atacante Diego Forl\u00e1n, que el mi\u00e9rcoles no particip\u00f3 en ninguna de las dos sesiones de entrenamiento con sus compa\u00f1eros, se reincorpor\u00f3 este jueves a la pr\u00e1ctica colectiva de Uruguay, en el estadio de Sete Lagoas.<\/p>\n<p style=\"text-align: justify;\">Forl\u00e1n salt\u00f3 con sus compa\u00f1eros al c\u00e9sped e hizo ejercicios de estiramiento, antes de escuchar una breve charla t\u00e1ctica y continuar con ejercicios con bal\u00f3n, con el resto de sus compa\u00f1eros.<\/p>\n<p style=\"text-align: justify;\">El entrenamiento matinal del equipo charr\u00faa estuvo abierto en sus quince primeros minutos a la prensa y continu\u00f3 despu\u00e9s sin presencia de periodistas y fot\u00f3grafos.<\/p>\n<p style=\"text-align: justify;\">En la pr\u00e1ctica tambi\u00e9n estuvieron en esos primeros ejercicios con el resto del equipo Luis Su\u00e1rez, que se mantuvo tranquilo y sonriente, aparentemente sin problemas, y Diego Lugano, que el mi\u00e9rcoles hab\u00eda realizado trabajado diferenciado.<\/p>\n<p style=\"text-align: justify;\">Forl\u00e1n se hab\u00eda levantado en la ma\u00f1ana del mi\u00e9rcoles con \u00abmalestar digestivo\u00bb y ello le impidi\u00f3 estar en las dos sesiones de entrenamiento del d\u00eda. El servicio de prensa de la Celeste ya hab\u00eda se\u00f1alado que el jugador ten\u00eda \u00abuna buena evoluci\u00f3n\u00bb y que se iba a reincorporar al entrenamiento en la ma\u00f1ana del jueves.<\/p>\n<p style=\"text-align: justify;\">El estado de Forl\u00e1n es importante para el equipo de Oscar Tab\u00e1rez, especialmente ante una eventual baja de Su\u00e1rez para ese partido. En los dos \u00faltimos amistosos del equipo, previos al viaje a Brasil, Forl\u00e1n fue titular haciendo dupla en ataque con Edinson Cavani.<\/p>\n<p style=\"text-align: justify;\">La selecci\u00f3n uruguaya program\u00f3 \u00fanicamente ese entrenamiento para este jueves, antes de viajar por la tarde local a Fortaleza, donde el s\u00e1bado debutar\u00e1 ante Costa Rica en la primera fecha del Grupo D.<\/p>\n<\/div>\n","protected":false},"excerpt":{"rendered":"<p>Prensa FIFA. &#8211; El atacante Diego Forl\u00e1n, que el mi\u00e9rcoles no particip\u00f3 en ninguna de las dos sesiones de entrenamiento con sus compa\u00f1eros, se reincorpor\u00f3 este jueves a la pr\u00e1ctica colectiva de Uruguay, en el estadio de Sete Lagoas. Forl\u00e1n salt\u00f3 con sus compa\u00f1eros al c\u00e9sped e hizo ejercicios de estiramiento, antes de escuchar una &#8230;<\/p>\n","protected":false},"author":3,"featured_media":12893,"comment_status":"closed","ping_status":"closed","sticky":false,"template":"","format":"standard","meta":{"footnotes":""},"categories":[752,445,36],"tags":[348,771,105,768,770,110,676,109,769,301],"class_list":["post-12886","post","type-post","status-publish","format-standard","has-post-thumbnail","hentry","category-appgd","category-brasil-2014","category-internacional","tag-brasil","tag-celeste","tag-costa-rica","tag-diego-forlan","tag-edinson-cavani","tag-fifa","tag-luis-suarez","tag-mundial","tag-oscar-tabarez","tag-uruguay"],"_links":{"self":[{"href":"http:\/\/gradadigital.com\/home\/wp-json\/wp\/v2\/posts\/12886","targetHints":{"allow":["GET"]}}],"collection":[{"href":"http:\/\/gradadigital.com\/home\/wp-json\/wp\/v2\/posts"}],"about":[{"href":"http:\/\/gradadigital.com\/home\/wp-json\/wp\/v2\/types\/post"}],"author":[{"embeddable":true,"href":"http:\/\/gradadigital.com\/home\/wp-json\/wp\/v2\/users\/3"}],"replies":[{"embeddable":true,"href":"http:\/\/gradadigital.com\/home\/wp-json\/wp\/v2\/comments?post=12886"}],"version-history":[{"count":1,"href":"http:\/\/gradadigital.com\/home\/wp-json\/wp\/v2\/posts\/12886\/revisions"}],"predecessor-version":[{"id":12894,"href":"http:\/\/gradadigital.com\/home\/wp-json\/wp\/v2\/posts\/12886\/revisions\/12894"}],"wp:featuredmedia":[{"embeddable":true,"href":"http:\/\/gradadigital.com\/home\/wp-json\/wp\/v2\/media\/12893"}],"wp:attachment":[{"href":"http:\/\/gradadigital.com\/home\/wp-json\/wp\/v2\/media?parent=12886"}],"wp:term":[{"taxonomy":"category","embeddable":true,"href":"http:\/\/gradadigital.com\/home\/wp-json\/wp\/v2\/categories?post=12886"},{"taxonomy":"post_tag","embeddable":true,"href":"http:\/\/gradadigital.com\/home\/wp-json\/wp\/v2\/tags?post=12886"}],"curies":[{"name":"wp","href":"https:\/\/api.w.org\/{rel}","templated":true}]}}