{"id":1274,"date":"2013-06-08T03:05:11","date_gmt":"2013-06-08T07:35:11","guid":{"rendered":"http:\/\/gradadigital.com\/home\/?p=1274"},"modified":"2013-06-08T03:05:11","modified_gmt":"2013-06-08T07:35:11","slug":"video-las-emociones-que-no-viste-del-bolivia-venezuela","status":"publish","type":"post","link":"http:\/\/gradadigital.com\/home\/video-las-emociones-que-no-viste-del-bolivia-venezuela\/","title":{"rendered":"VIDEO | Las emociones que no viste del Bolivia &#8211; Venezuela"},"content":{"rendered":"<p style=\"text-align: center;\"><iframe loading=\"lazy\" width=\"682\" height=\"348\" src=\"http:\/\/www.youtube.com\/embed\/uHWV7BBlPrQ?rel=0\" frameborder=\"0\" allowfullscreen><\/iframe>\n<p style=\"text-align: justify;\"><strong>GradaDigital.com &#8211;<\/strong> Fue una jornada de emociones en el estadio Hernando Siles, desde la tranquilidad a la felicidad y amargura. La selecci\u00f3n venezolana cosech\u00f3 un empate cuando casi se adue\u00f1aba del triunfo, en el que Juan Arango lograba su tercer gol por la presente eliminatoria.<\/p>\n<p style=\"text-align: justify;\">Con mucho colorido, y un gran respaldo de la afici\u00f3n, la \u201cVinotinto\u201d, se lleva un punto a Puerto Ordaz, donde aspira hacer valer dicha unidad.<\/p>\n<p style=\"text-align: justify;\"><strong>\u00a1Mira el video y disfruta del color vivido en La Paz en Bolivia!<\/strong><\/p>\n","protected":false},"excerpt":{"rendered":"<p>GradaDigital.com &#8211; Fue una jornada de emociones en el estadio Hernando Siles, desde la tranquilidad a la felicidad y amargura. La selecci\u00f3n venezolana cosech\u00f3 un empate cuando casi se adue\u00f1aba del triunfo, en el que Juan Arango lograba su tercer gol por la presente eliminatoria. Con mucho colorido, y un gran respaldo de la afici\u00f3n, &#8230;<\/p>\n","protected":false},"author":4,"featured_media":1275,"comment_status":"closed","ping_status":"closed","sticky":false,"template":"","format":"standard","meta":{"footnotes":""},"categories":[32,27,40,3],"tags":[],"class_list":["post-1274","post","type-post","status-publish","format-standard","has-post-thumbnail","hentry","category-especial","category-video","category-seleccion-nacional-mayores","category-seleccion-nacional"],"_links":{"self":[{"href":"http:\/\/gradadigital.com\/home\/wp-json\/wp\/v2\/posts\/1274","targetHints":{"allow":["GET"]}}],"collection":[{"href":"http:\/\/gradadigital.com\/home\/wp-json\/wp\/v2\/posts"}],"about":[{"href":"http:\/\/gradadigital.com\/home\/wp-json\/wp\/v2\/types\/post"}],"author":[{"embeddable":true,"href":"http:\/\/gradadigital.com\/home\/wp-json\/wp\/v2\/users\/4"}],"replies":[{"embeddable":true,"href":"http:\/\/gradadigital.com\/home\/wp-json\/wp\/v2\/comments?post=1274"}],"version-history":[{"count":2,"href":"http:\/\/gradadigital.com\/home\/wp-json\/wp\/v2\/posts\/1274\/revisions"}],"predecessor-version":[{"id":1277,"href":"http:\/\/gradadigital.com\/home\/wp-json\/wp\/v2\/posts\/1274\/revisions\/1277"}],"wp:featuredmedia":[{"embeddable":true,"href":"http:\/\/gradadigital.com\/home\/wp-json\/wp\/v2\/media\/1275"}],"wp:attachment":[{"href":"http:\/\/gradadigital.com\/home\/wp-json\/wp\/v2\/media?parent=1274"}],"wp:term":[{"taxonomy":"category","embeddable":true,"href":"http:\/\/gradadigital.com\/home\/wp-json\/wp\/v2\/categories?post=1274"},{"taxonomy":"post_tag","embeddable":true,"href":"http:\/\/gradadigital.com\/home\/wp-json\/wp\/v2\/tags?post=1274"}],"curies":[{"name":"wp","href":"https:\/\/api.w.org\/{rel}","templated":true}]}}