{"id":12691,"date":"2014-06-08T11:36:10","date_gmt":"2014-06-08T16:06:10","guid":{"rendered":"http:\/\/gradadigital.com\/home\/?p=12691"},"modified":"2014-06-08T11:36:10","modified_gmt":"2014-06-08T16:06:10","slug":"seleccion-de-camerun-amenaza-con-no-asistir-al-mundial","status":"publish","type":"post","link":"http:\/\/gradadigital.com\/home\/seleccion-de-camerun-amenaza-con-no-asistir-al-mundial\/","title":{"rendered":"Selecci\u00f3n de Camer\u00fan amenaza con no asistir al Mundial"},"content":{"rendered":"<p style=\"text-align: center;\"><img loading=\"lazy\" decoding=\"async\" class=\"alignnone size-full wp-image-12692\" src=\"http:\/\/gradadigital.com\/home\/wp-content\/uploads\/2014\/06\/samuel_eto_camerun_08062014.jpg\" alt=\"samuel_eto_camerun_08062014\" width=\"682\" height=\"396\" srcset=\"http:\/\/gradadigital.com\/home\/wp-content\/uploads\/2014\/06\/samuel_eto_camerun_08062014.jpg 682w, http:\/\/gradadigital.com\/home\/wp-content\/uploads\/2014\/06\/samuel_eto_camerun_08062014-300x174.jpg 300w\" sizes=\"auto, (max-width: 682px) 100vw, 682px\" \/><\/p>\n<p style=\"text-align: justify;\"><strong><span class=\"articleLocation\">YAUNDE, <\/span>(Reuters) &#8211;<\/strong> La selecci\u00f3n de f\u00fatbol de Camer\u00fan se rehus\u00f3 a abordar el avi\u00f3n que los llevar\u00eda a Brasil el domingo, en una acci\u00f3n de huelga por el dinero a recibir por su participaci\u00f3n en el Mundial, dijeron funcionarios.<\/p>\n<p style=\"text-align: justify;\">Los jugadores de Camer\u00fan se hab\u00edan rehusado a jugar previamente debido a disputas por dinero con la federaci\u00f3n de f\u00fatbol del pa\u00eds y la antesala al Mundial ha sido opacada por desacuerdos sobre el pago del bono que deben recibir por jugar en Brasil.<\/p>\n<p style=\"text-align: justify;\">El t\u00e9cnico de la selecci\u00f3n, el alem\u00e1n Volker Finke, dijo que hab\u00eda conversaciones en curso debido a que los jugadores se est\u00e1n quejando que los 50 millones de francos CFA (104.000 d\u00f3lares) que recibieron no son suficientes.<\/p>\n<p style=\"text-align: justify;\">\u00abEstoy seguro de que el problema se resolver\u00e1 y despegaremos o esta tarde o en la noche\u00bb, declar\u00f3 Finke a Reuters.<\/p>\n<p style=\"text-align: justify;\">El equipo permaneci\u00f3 en su hotel en Yaund\u00e9 y se prohibi\u00f3 que la prensa se reuniera con ellos. El presidente de la Federaci\u00f3n de F\u00fatbol de Camer\u00fan mantuvo conversaciones con su personal en sus oficinas.<\/p>\n<p style=\"text-align: justify;\">Un miembro de la delegaci\u00f3n oficial de Camer\u00fan confirm\u00f3 la disputa por el pago de bonos, pero dijo que ya se hab\u00eda resuelto a comienzos de la tarde.<\/p>\n<p style=\"text-align: justify;\">\u00abAcaban de decirnos que el problema est\u00e1 resuelto y que tenemos que estar en el aeropuerto a alrededor de las 9.30 PM (2030 GMT) para el viaje\u00bb, declar\u00f3 a Reuters la fuente que solicit\u00f3 el anonimato.<\/p>\n<p style=\"text-align: justify;\">Un vuelo charter saldr\u00eda de Yaund\u00e9 a las 0900 GMT rumbo a Brasil, donde Camer\u00fan tiene programado jugar su primer partido del torneo el viernes contra M\u00e9xico.<span id=\"midArticle_byline\"><\/span><\/p>\n<p style=\"text-align: justify;\">Jugadores de Camer\u00fan hab\u00edan amenazado la semana pasada con irse a huelga hasta que recibieran un pago prometido por participar en el Mundial, pero suspendieron la paralizaci\u00f3n antes de su partido amistoso del domingo pasado contra Alemania, inform\u00f3 el peri\u00f3dico deportivo franc\u00e9s L&#8217;Equipe.<\/p>\n<p style=\"text-align: justify;\">Camer\u00fan forma parte del Grupo A en primera ronda junto al anfitri\u00f3n Brasil, a Croacia y M\u00e9xico.<\/p>\n<p>&nbsp;<\/p>\n","protected":false},"excerpt":{"rendered":"<p>YAUNDE, (Reuters) &#8211; La selecci\u00f3n de f\u00fatbol de Camer\u00fan se rehus\u00f3 a abordar el avi\u00f3n que los llevar\u00eda a Brasil el domingo, en una acci\u00f3n de huelga por el dinero a recibir por su participaci\u00f3n en el Mundial, dijeron funcionarios. Los jugadores de Camer\u00fan se hab\u00edan rehusado a jugar previamente debido a disputas por dinero &#8230;<\/p>\n","protected":false},"author":4,"featured_media":12692,"comment_status":"closed","ping_status":"closed","sticky":false,"template":"","format":"standard","meta":{"footnotes":""},"categories":[445,36],"tags":[],"class_list":["post-12691","post","type-post","status-publish","format-standard","has-post-thumbnail","hentry","category-brasil-2014","category-internacional"],"_links":{"self":[{"href":"http:\/\/gradadigital.com\/home\/wp-json\/wp\/v2\/posts\/12691","targetHints":{"allow":["GET"]}}],"collection":[{"href":"http:\/\/gradadigital.com\/home\/wp-json\/wp\/v2\/posts"}],"about":[{"href":"http:\/\/gradadigital.com\/home\/wp-json\/wp\/v2\/types\/post"}],"author":[{"embeddable":true,"href":"http:\/\/gradadigital.com\/home\/wp-json\/wp\/v2\/users\/4"}],"replies":[{"embeddable":true,"href":"http:\/\/gradadigital.com\/home\/wp-json\/wp\/v2\/comments?post=12691"}],"version-history":[{"count":1,"href":"http:\/\/gradadigital.com\/home\/wp-json\/wp\/v2\/posts\/12691\/revisions"}],"predecessor-version":[{"id":12693,"href":"http:\/\/gradadigital.com\/home\/wp-json\/wp\/v2\/posts\/12691\/revisions\/12693"}],"wp:featuredmedia":[{"embeddable":true,"href":"http:\/\/gradadigital.com\/home\/wp-json\/wp\/v2\/media\/12692"}],"wp:attachment":[{"href":"http:\/\/gradadigital.com\/home\/wp-json\/wp\/v2\/media?parent=12691"}],"wp:term":[{"taxonomy":"category","embeddable":true,"href":"http:\/\/gradadigital.com\/home\/wp-json\/wp\/v2\/categories?post=12691"},{"taxonomy":"post_tag","embeddable":true,"href":"http:\/\/gradadigital.com\/home\/wp-json\/wp\/v2\/tags?post=12691"}],"curies":[{"name":"wp","href":"https:\/\/api.w.org\/{rel}","templated":true}]}}