{"id":12599,"date":"2014-06-02T12:26:10","date_gmt":"2014-06-02T16:56:10","guid":{"rendered":"http:\/\/gradadigital.com\/home\/?p=12599"},"modified":"2014-06-02T12:26:10","modified_gmt":"2014-06-02T16:56:10","slug":"matuszyczk-espero-aprovechar-al-maximo-esta-oportunidad","status":"publish","type":"post","link":"http:\/\/gradadigital.com\/home\/matuszyczk-espero-aprovechar-al-maximo-esta-oportunidad\/","title":{"rendered":"Matuszyczk: \u00abEspero aprovechar al m\u00e1ximo esta oportunidad\u00bb"},"content":{"rendered":"<p style=\"text-align: center;\"><img loading=\"lazy\" decoding=\"async\" class=\"alignnone size-full wp-image-12601\" src=\"http:\/\/gradadigital.com\/home\/wp-content\/uploads\/2014\/06\/horacio_matuszyczk_trujillanos_02062014.jpg\" alt=\"horacio_matuszyczk_trujillanos_02062014\" width=\"596\" height=\"346\" srcset=\"http:\/\/gradadigital.com\/home\/wp-content\/uploads\/2014\/06\/horacio_matuszyczk_trujillanos_02062014.jpg 596w, http:\/\/gradadigital.com\/home\/wp-content\/uploads\/2014\/06\/horacio_matuszyczk_trujillanos_02062014-300x174.jpg 300w\" sizes=\"auto, (max-width: 596px) 100vw, 596px\" \/><\/p>\n<p style=\"text-align: justify;\"><strong>Prensa Trujillanos FC.-<\/strong> Este s\u00e1bado en horas de la tarde fue presentado de manera oficial el nuevo timonel de los guerreros de la monta\u00f1a, el Profesor Horacio Matuszyczk conocido en el mundo del balompi\u00e9 como \u201cEl Polaco\u201d se sum\u00f3 como otra de las altas de cara a la venidera campa\u00f1a.<\/p>\n<p style=\"text-align: justify;\">Matuszyczk arrib\u00f3 al estadio \u201cJos\u00e9 Alberto P\u00e9rez\u201d acompa\u00f1ado del Gerente General Basilio \u00c1lvarez, el profe se mostr\u00f3 sumamente emocionado por esta nueva etapa en su carrera \u201cEstoy agradecido con la instituci\u00f3n por haberme elegido como reemplazante de dos grandes profesionales como Leo y Pedro, espero aprovechar al m\u00e1ximo esta oportunidad\u201d<\/p>\n<p style=\"text-align: justify;\">Durante su contacto con la prensa regional dej\u00f3 muy claras sus intenciones con los guerreros \u201cVengo como un profesional a darlo todo, llego con la firme intenci\u00f3n de lograr cosas importantes, Trujillanos FC hoy por hoy es uno de los mejores equipos de Venezuela, el proyecto es muy claro y sostenible en el tiempo, y en primer lugar trabajaremos para trascender a la siguiente fase de la Copa Sudamericana\u201d<\/p>\n<p style=\"text-align: justify;\">El profe estar\u00e1 vinculado a los guerreros por espacio de dos a\u00f1os y su trabajo se enfocar\u00e1 adem\u00e1s del conjunto de primera, en reestructurar las categor\u00edas menores del amarillo y marr\u00f3n. Las intenciones son claras, aparte de trascender de fase en Copa Sudamericana el objetivo de conseguir un torneo corto ya sea a corto o mediano plazo.<\/p>\n<p style=\"text-align: justify;\">Entre las peticiones de Matuszyczk a la junta directiva guerrera consisti\u00f3 en mantener una buena base del actual plantel \u201cUna de las cosas m\u00e1s importantes, es que el grueso del plantel, la base del mismo se mantiene, que era una de las peticiones que les hac\u00eda a la directiva y bueno ahora toca tratar de reforzarlo para mantener o subir el nivel competitivo que el equipo venia teniendo\u201d<\/p>\n<p style=\"text-align: justify;\">En cuanto a refuerzos, el nuevo timonel afirm\u00f3 que ya se ha conversado con algunos jugadores de su antiguo club pero se desea esperar a terminar las negociaciones con actuales miembros del plantel, que son prioridad que se mantengan dentro del club.<\/p>\n<p style=\"text-align: justify;\">\u201cEsperemos en los pr\u00f3ximos d\u00edas a ver c\u00f3mo se desarrolla todo lo concerniente a las renovaciones, sabemos que debemos reemplazar a jugadores importantes, pero tambi\u00e9n ya tenemos excelentes jugadores en las filas como por ejemplo Mayker Gonz\u00e1lez por izquierda y a \u00e9l se le suma Erlis V\u00e1zquez, pero esta semana vamos a ir definiendo m\u00e1s claramente todo el plantel\u201d<\/p>\n<p style=\"text-align: justify;\">Junto al profesor Horacio Matuszyczk, estar\u00edan llegando tambi\u00e9n al cuerpo t\u00e9cnico el profesor Samuel Benavides como asistente y Julio \u00c1lvarez como preparador de porteros, el primero en estos momentos se encuentra en Chile realizando estudios de actualizaci\u00f3n en Uni\u00f3n Espa\u00f1ola, estos se estar\u00edan uniendo a Germ\u00e1n Guti\u00e9rrez Londo\u00f1o (Preparado F\u00edsico), Jes\u00fas Valiente y Rolando \u00c1lvarez.<\/p>\n<p style=\"text-align: justify;\">En cuanto a la pretemporada Matuszyczk coment\u00f3 que \u201cel cronograma ya est\u00e1 hecho y planificado ahora debemos discutirlo junto a la directiva, dentro de nuestra planificaci\u00f3n esta comenzar ac\u00e1\u00a0 en la ciudad, luego en la poblaci\u00f3n de la Puerta, mientras que deseamos lograr concretar la mayor cantidad de partidos amistosos e incluso queremos llegar hasta Bogot\u00e1 para realizar algunos partidos de corte internacional que nos prepare bien para la Sudamericana\u201d<\/p>\n<p style=\"text-align: justify;\">\u201cLa idea es arrancar bien el torneo, si queremos ganar un torneo debemos iniciar con muy buen pie, nos espera una muy buena pretemporada con mucho trabajo para seguir en el excelente nivel que siempre ha tenido el equipo\u201d<\/p>\n<p style=\"text-align: justify;\">Para finalizar no dej\u00f3 escapar la posibilidad de enviarle un mensaje a toda la afici\u00f3n del amarillo y marr\u00f3n \u201cVengo a luchar con todas mis energ\u00edas, con toda mi capacidad y con muchas ganas de ganar, para lograr cosas importantes, esta oportunidad no pienso desaprovecharla de ninguna forma y mil gracias para todos aquellos que nos han venido saludando en las diferentes redes sociales\u201d.<\/p>\n<p style=\"text-align: justify;\">\u201cAc\u00e1 existe una gran armon\u00eda entre jugadores, medios de comunicaci\u00f3n, directiva, fan\u00e1ticos y espero que siga existiendo esa armon\u00eda y se fortalezca porque eso es un elemento fundamental para triunfos, lo que si es cierto es que llego a un gran club, en un gran momento para lograr cosas importantes\u201d finaliz\u00f3 el estratega.<\/p>\n","protected":false},"excerpt":{"rendered":"<p>Prensa Trujillanos FC.- Este s\u00e1bado en horas de la tarde fue presentado de manera oficial el nuevo timonel de los guerreros de la monta\u00f1a, el Profesor Horacio Matuszyczk conocido en el mundo del balompi\u00e9 como \u201cEl Polaco\u201d se sum\u00f3 como otra de las altas de cara a la venidera campa\u00f1a. Matuszyczk arrib\u00f3 al estadio \u201cJos\u00e9 &#8230;<\/p>\n","protected":false},"author":4,"featured_media":12601,"comment_status":"closed","ping_status":"closed","sticky":false,"template":"","format":"standard","meta":{"footnotes":""},"categories":[5,31,19],"tags":[],"class_list":["post-12599","post","type-post","status-publish","format-standard","has-post-thumbnail","hentry","category-futbol-nacional","category-primera-division","category-trujillanos-fc"],"_links":{"self":[{"href":"http:\/\/gradadigital.com\/home\/wp-json\/wp\/v2\/posts\/12599","targetHints":{"allow":["GET"]}}],"collection":[{"href":"http:\/\/gradadigital.com\/home\/wp-json\/wp\/v2\/posts"}],"about":[{"href":"http:\/\/gradadigital.com\/home\/wp-json\/wp\/v2\/types\/post"}],"author":[{"embeddable":true,"href":"http:\/\/gradadigital.com\/home\/wp-json\/wp\/v2\/users\/4"}],"replies":[{"embeddable":true,"href":"http:\/\/gradadigital.com\/home\/wp-json\/wp\/v2\/comments?post=12599"}],"version-history":[{"count":1,"href":"http:\/\/gradadigital.com\/home\/wp-json\/wp\/v2\/posts\/12599\/revisions"}],"predecessor-version":[{"id":12602,"href":"http:\/\/gradadigital.com\/home\/wp-json\/wp\/v2\/posts\/12599\/revisions\/12602"}],"wp:featuredmedia":[{"embeddable":true,"href":"http:\/\/gradadigital.com\/home\/wp-json\/wp\/v2\/media\/12601"}],"wp:attachment":[{"href":"http:\/\/gradadigital.com\/home\/wp-json\/wp\/v2\/media?parent=12599"}],"wp:term":[{"taxonomy":"category","embeddable":true,"href":"http:\/\/gradadigital.com\/home\/wp-json\/wp\/v2\/categories?post=12599"},{"taxonomy":"post_tag","embeddable":true,"href":"http:\/\/gradadigital.com\/home\/wp-json\/wp\/v2\/tags?post=12599"}],"curies":[{"name":"wp","href":"https:\/\/api.w.org\/{rel}","templated":true}]}}