{"id":12551,"date":"2014-05-31T20:15:38","date_gmt":"2014-06-01T00:45:38","guid":{"rendered":"http:\/\/gradadigital.com\/home\/?p=12551"},"modified":"2014-05-31T20:22:06","modified_gmt":"2014-06-01T00:52:06","slug":"mexico-derrota-a-ecuador-pero-pierde-a-montes-en-dolorosa-lesion","status":"publish","type":"post","link":"http:\/\/gradadigital.com\/home\/mexico-derrota-a-ecuador-pero-pierde-a-montes-en-dolorosa-lesion\/","title":{"rendered":"M\u00e9xico derrota a Ecuador pero pierde a Montes en dolorosa lesi\u00f3n"},"content":{"rendered":"<p style=\"text-align: center;\"><img loading=\"lazy\" decoding=\"async\" class=\"alignnone size-full wp-image-12552\" src=\"http:\/\/gradadigital.com\/home\/wp-content\/uploads\/2014\/05\/mexico_ecuador_31052014.jpg\" alt=\"mexico_ecuador_31052014\" width=\"596\" height=\"346\" srcset=\"http:\/\/gradadigital.com\/home\/wp-content\/uploads\/2014\/05\/mexico_ecuador_31052014.jpg 596w, http:\/\/gradadigital.com\/home\/wp-content\/uploads\/2014\/05\/mexico_ecuador_31052014-300x174.jpg 300w\" sizes=\"auto, (max-width: 596px) 100vw, 596px\" \/><\/p>\n<p style=\"text-align: justify;\"><strong>ARLINGTON, EEUU, (Reuters) &#8211;<\/strong> La selecci\u00f3n mexicana de f\u00fatbol venci\u00f3 el s\u00e1bado 3-1 a Ecuador en un partido de preparaci\u00f3n para el Mundial, en el que el ganador sufri\u00f3 un dur\u00edsimo golpe por la baja del mediocampista Luis Montes, quien sufri\u00f3 una fractura de tibia y peron\u00e9.<\/p>\n<p style=\"text-align: justify;\">Montes, Marco Fabi\u00e1n y Giovani Dos Santos marcaron para M\u00e9xico, mientras que Enner Valencia anot\u00f3 para Ecuador.<\/p>\n<p style=\"text-align: justify;\">\u00abLe peg\u00f3 muy fuerte al equipo, yo pens\u00e9 que se me iba a venir para abajo, pero les dije que se desconectaran de esa situaci\u00f3n tan dif\u00edcil y salir a buscar el segundo tiempo, afortunadamente el grupo demostr\u00f3 que el objetivo, la forma y la idea no se sali\u00f3 del esquema que ten\u00edamos\u00bb, dijo el t\u00e9cnico Miguel Herrera en rueda de prensa.<\/p>\n<p style=\"text-align: justify;\">\u00abTrataremos de mantener la concentraci\u00f3n y cada partido vamos a disputarlo como si \u00e9l (Montes) estuviera con nosotros\u00bb, agreg\u00f3.<\/p>\n<p style=\"text-align: justify;\">En el partido disputado en el estadio AT&amp;T de Arlington, Texas, M\u00e9xico abri\u00f3 el marcador a los 33 minutos con un colocado zurdazo desde fuera del \u00e1rea de Montes, quien coloc\u00f3 el bal\u00f3n en el \u00e1ngulo superior derecho de la valla rival.<\/p>\n<p style=\"text-align: justify;\">Un minuto despu\u00e9s de su gol, Montes sufri\u00f3 la fractura al chocar su tobillo con la rodilla de Segundo Castillo, quien fue reemplazado por Carlos Gruezo y seg\u00fan medios locales tambi\u00e9n estar\u00eda en riesgo de quedar fuera de la Copa del Mundo.<\/p>\n<p style=\"text-align: justify;\">En el entretiempo del partido, el capit\u00e1n Rafael M\u00e1rquez sali\u00f3 cojeando tras recibir un golpe en el pie derecho, situaci\u00f3n por la que ya no regres\u00f3 al campo en la segunda mitad.<span id=\"midArticle_byline\"><\/span><\/p>\n<p style=\"text-align: justify;\">El mismo jugador descart\u00f3 algo serio en su cuenta de Twitter, donde se\u00f1al\u00f3 que solo sufri\u00f3 el golpe.<\/p>\n<p style=\"text-align: justify;\">\u00abAfortunadamente no tengo fractura, ahora a esperar la resonancia, parece ser que solo fue el golpe\u00bb, apunt\u00f3 M\u00e1rquez en su cuenta de Twitter (@RafaMarquezMX)<\/p>\n<p style=\"text-align: justify;\">Fabi\u00e1n marc\u00f3 el segundo gol mexicano a los 68 minutos con un lejano disparo y el tercero cay\u00f3 a los 77, cuando el bal\u00f3n se meti\u00f3 despu\u00e9s de pegarle en la cabeza al portero tras impactar en el poste por un remate de Dos Santos.<\/p>\n<p style=\"text-align: justify;\">El \u00fanico gol para los ecuatorianos se registr\u00f3 a los 80 minutos con un disparo de Valencia que desvi\u00f3 H\u00e9ctor Moreno.<\/p>\n<p style=\"text-align: justify;\">\u00abMiguel nos dijo que sali\u00e9ramos concentrados para el segundo tiempo. Cualquier jugador que ya no est\u00e9 con nosotros es una gran p\u00e9rdida, estamos muy tristes y ahora tenemos que estar muy concentrados para que no vuelva a pasar nada igual\u00bb, dijo el delantero Javier \u00abChicharito\u00bb Hern\u00e1ndez.<\/p>\n<p style=\"text-align: justify;\">M\u00e9xico continuar\u00e1 con su preparaci\u00f3n el 3 de junio enfrentando a Bosnia Herzegovina y tres d\u00edas despu\u00e9s jugar\u00e1 ante Portugal.<\/p>\n<p style=\"text-align: justify;\">En la Copa del Mundo, M\u00e9xico integrar\u00e1 el Grupo A junto a Camer\u00fan, Brasil y Croacia.<\/p>\n<p style=\"text-align: justify;\">Por su parte, Ecuador cerrar\u00e1 su preparaci\u00f3n el 4 de junio ante Inglaterra antes de su debut mundialista, donde estar\u00e1 en el Grupo E junto a Francia, Honduras y Suiza.<\/p>\n<p>&nbsp;<\/p>\n","protected":false},"excerpt":{"rendered":"<p>ARLINGTON, EEUU, (Reuters) &#8211; La selecci\u00f3n mexicana de f\u00fatbol venci\u00f3 el s\u00e1bado 3-1 a Ecuador en un partido de preparaci\u00f3n para el Mundial, en el que el ganador sufri\u00f3 un dur\u00edsimo golpe por la baja del mediocampista Luis Montes, quien sufri\u00f3 una fractura de tibia y peron\u00e9. Montes, Marco Fabi\u00e1n y Giovani Dos Santos marcaron &#8230;<\/p>\n","protected":false},"author":4,"featured_media":12552,"comment_status":"closed","ping_status":"closed","sticky":false,"template":"","format":"standard","meta":{"footnotes":""},"categories":[445,36],"tags":[654,730,102,729],"class_list":["post-12551","post","type-post","status-publish","format-standard","has-post-thumbnail","hentry","category-brasil-2014","category-internacional","tag-ecuador","tag-lesion","tag-mexico","tag-montes"],"_links":{"self":[{"href":"http:\/\/gradadigital.com\/home\/wp-json\/wp\/v2\/posts\/12551","targetHints":{"allow":["GET"]}}],"collection":[{"href":"http:\/\/gradadigital.com\/home\/wp-json\/wp\/v2\/posts"}],"about":[{"href":"http:\/\/gradadigital.com\/home\/wp-json\/wp\/v2\/types\/post"}],"author":[{"embeddable":true,"href":"http:\/\/gradadigital.com\/home\/wp-json\/wp\/v2\/users\/4"}],"replies":[{"embeddable":true,"href":"http:\/\/gradadigital.com\/home\/wp-json\/wp\/v2\/comments?post=12551"}],"version-history":[{"count":1,"href":"http:\/\/gradadigital.com\/home\/wp-json\/wp\/v2\/posts\/12551\/revisions"}],"predecessor-version":[{"id":12553,"href":"http:\/\/gradadigital.com\/home\/wp-json\/wp\/v2\/posts\/12551\/revisions\/12553"}],"wp:featuredmedia":[{"embeddable":true,"href":"http:\/\/gradadigital.com\/home\/wp-json\/wp\/v2\/media\/12552"}],"wp:attachment":[{"href":"http:\/\/gradadigital.com\/home\/wp-json\/wp\/v2\/media?parent=12551"}],"wp:term":[{"taxonomy":"category","embeddable":true,"href":"http:\/\/gradadigital.com\/home\/wp-json\/wp\/v2\/categories?post=12551"},{"taxonomy":"post_tag","embeddable":true,"href":"http:\/\/gradadigital.com\/home\/wp-json\/wp\/v2\/tags?post=12551"}],"curies":[{"name":"wp","href":"https:\/\/api.w.org\/{rel}","templated":true}]}}